{"id":13711,"date":"2025-05-08T16:54:49","date_gmt":"2025-05-08T22:54:49","guid":{"rendered":"http:\/\/www.archivosfutmex.com\/wordpress\/?p=13711"},"modified":"2025-05-08T16:54:53","modified_gmt":"2025-05-08T22:54:53","slug":"palabras-del-santo-padre-211","status":"publish","type":"post","link":"https:\/\/www.archivosfutmex.com\/wordpress\/archivos\/13711","title":{"rendered":"PALABRAS DEL SANTO PADRE"},"content":{"rendered":"\n<p>Nos sorprende, y nos hace reflexionar esta palabra del Se\u00f1or: \u201cNadie puede venir a m\u00ed, si no lo atrae el Padre\u201d, \u201cel que cree en m\u00ed, tiene la vida eterna\u201d. Nos hace reflexionar. Esta palabra introduce en la din\u00e1mica de la fe, que es una relaci\u00f3n: la relaci\u00f3n entre la persona humana, todos nosotros, y la persona de Jes\u00fas, donde el Padre juega un papel decisivo, y naturalmente, tambi\u00e9n el Esp\u00edritu Santo, que est\u00e1 impl\u00edcito aqu\u00ed. No basta encontrar a Jes\u00fas para creer en \u00c9l, no basta leer la Biblia, el Evangelio, eso es importante \u00bfeh?, pero no basta. No basta ni siquiera asistir a un milagro, como el de la multiplicaci\u00f3n de los panes. Muchas personas estuvieron en estrecho contacto con Jes\u00fas y no le creyeron, es m\u00e1s, tambi\u00e9n lo despreciaron y condenaron. Y yo me pregunto: \u00bfpor qu\u00e9, esto? \u00bfNo fueron atra\u00eddos por el Padre? No, esto sucedi\u00f3 porque su coraz\u00f3n estaba cerrado a la acci\u00f3n del Esp\u00edritu de Dios. Y si t\u00fa tienes el coraz\u00f3n cerrado, la fe no entra. Dios Padre siempre nos atrae hacia Jes\u00fas. Somos nosotros quienes abrimos nuestro coraz\u00f3n o lo cerramos. (\u00c1ngelus, 9 de agosto de 2015)<\/p>\n","protected":false},"excerpt":{"rendered":"<p>Nos sorprende, y nos hace reflexionar esta palabra del Se\u00f1or: \u201cNadie puede venir a m\u00ed, si no lo atrae el Padre\u201d, \u201cel que cree en m\u00ed, tiene la vida eterna\u201d. Nos hace reflexionar. Esta palabra introduce en la din\u00e1mica de la fe, que es una relaci\u00f3n: la relaci\u00f3n entre la persona humana, todos nosotros, y [&hellip;]<\/p>\n","protected":false},"author":2,"featured_media":0,"comment_status":"closed","ping_status":"closed","sticky":false,"template":"","format":"standard","meta":{"footnotes":""},"categories":[229],"tags":[],"class_list":["post-13711","post","type-post","status-publish","format-standard","hentry","category-palabras-del-santo-padre"],"_links":{"self":[{"href":"https:\/\/www.archivosfutmex.com\/wordpress\/wp-json\/wp\/v2\/posts\/13711","targetHints":{"allow":["GET"]}}],"collection":[{"href":"https:\/\/www.archivosfutmex.com\/wordpress\/wp-json\/wp\/v2\/posts"}],"about":[{"href":"https:\/\/www.archivosfutmex.com\/wordpress\/wp-json\/wp\/v2\/types\/post"}],"author":[{"embeddable":true,"href":"https:\/\/www.archivosfutmex.com\/wordpress\/wp-json\/wp\/v2\/users\/2"}],"replies":[{"embeddable":true,"href":"https:\/\/www.archivosfutmex.com\/wordpress\/wp-json\/wp\/v2\/comments?post=13711"}],"version-history":[{"count":0,"href":"https:\/\/www.archivosfutmex.com\/wordpress\/wp-json\/wp\/v2\/posts\/13711\/revisions"}],"wp:attachment":[{"href":"https:\/\/www.archivosfutmex.com\/wordpress\/wp-json\/wp\/v2\/media?parent=13711"}],"wp:term":[{"taxonomy":"category","embeddable":true,"href":"https:\/\/www.archivosfutmex.com\/wordpress\/wp-json\/wp\/v2\/categories?post=13711"},{"taxonomy":"post_tag","embeddable":true,"href":"https:\/\/www.archivosfutmex.com\/wordpress\/wp-json\/wp\/v2\/tags?post=13711"}],"curies":[{"name":"wp","href":"https:\/\/api.w.org\/{rel}","templated":true}]}}