{"id":13729,"date":"2025-05-10T07:33:04","date_gmt":"2025-05-10T13:33:04","guid":{"rendered":"http:\/\/www.archivosfutmex.com\/wordpress\/?p=13729"},"modified":"2025-05-10T07:33:05","modified_gmt":"2025-05-10T13:33:05","slug":"palabras-del-santo-padre-213","status":"publish","type":"post","link":"https:\/\/www.archivosfutmex.com\/wordpress\/archivos\/13729","title":{"rendered":"PALABRAS DEL SANTO PADRE"},"content":{"rendered":"\n<p>Deteng\u00e1monos brevemente en la actitud de quienes se retiran y deciden no seguir m\u00e1s a Jes\u00fas \u00bfDe d\u00f3nde surge esta incredulidad? \u00bfCu\u00e1l es el motivo de este rechazo? Las palabras de Jes\u00fas suscitan un gran esc\u00e1ndalo. Nos est\u00e1 diciendo que Dios ha elegido manifestarse y realizar la salvaci\u00f3n en la debilidad de la carne humana. Es el misterio de la encarnaci\u00f3n. La encarnaci\u00f3n de Dios es lo que causa esc\u00e1ndalo y lo que, para esas personas, pero a menudo tambi\u00e9n para nosotros, representa un obst\u00e1culo. De hecho, Jes\u00fas afirma que el verdadero pan de salvaci\u00f3n, el que transmite la vida eterna, es su propia carne; que para entrar en comuni\u00f3n con Dios, antes que observar las leyes o cumplir los preceptos religiosos, es necesario vivir una relaci\u00f3n real y concreta con \u00c9l. Porque la salvaci\u00f3n ha venido por \u00c9l, en su encarnaci\u00f3n. Esto significa que no debemos buscar a Dios en sue\u00f1os e im\u00e1genes de grandeza y poder, sino que debemos reconocerlo en la humanidad de Jes\u00fas y, por consiguiente, en la de los hermanos y hermanas que encontramos en el camino de la vida. (\u2026) Buscarlo en la vida, en la historia, en nuestra vida cotidiana. Y este, hermanos y hermanas, es el camino para el encuentro con Dios: la relaci\u00f3n con Cristo y los hermanos. (\u00c1ngelus, 22 de agosto de 2021)<\/p>\n","protected":false},"excerpt":{"rendered":"<p>Deteng\u00e1monos brevemente en la actitud de quienes se retiran y deciden no seguir m\u00e1s a Jes\u00fas \u00bfDe d\u00f3nde surge esta incredulidad? \u00bfCu\u00e1l es el motivo de este rechazo? Las palabras de Jes\u00fas suscitan un gran esc\u00e1ndalo. Nos est\u00e1 diciendo que Dios ha elegido manifestarse y realizar la salvaci\u00f3n en la debilidad de la carne humana. [&hellip;]<\/p>\n","protected":false},"author":2,"featured_media":0,"comment_status":"closed","ping_status":"closed","sticky":false,"template":"","format":"standard","meta":{"footnotes":""},"categories":[229],"tags":[],"class_list":["post-13729","post","type-post","status-publish","format-standard","hentry","category-palabras-del-santo-padre"],"_links":{"self":[{"href":"https:\/\/www.archivosfutmex.com\/wordpress\/wp-json\/wp\/v2\/posts\/13729","targetHints":{"allow":["GET"]}}],"collection":[{"href":"https:\/\/www.archivosfutmex.com\/wordpress\/wp-json\/wp\/v2\/posts"}],"about":[{"href":"https:\/\/www.archivosfutmex.com\/wordpress\/wp-json\/wp\/v2\/types\/post"}],"author":[{"embeddable":true,"href":"https:\/\/www.archivosfutmex.com\/wordpress\/wp-json\/wp\/v2\/users\/2"}],"replies":[{"embeddable":true,"href":"https:\/\/www.archivosfutmex.com\/wordpress\/wp-json\/wp\/v2\/comments?post=13729"}],"version-history":[{"count":0,"href":"https:\/\/www.archivosfutmex.com\/wordpress\/wp-json\/wp\/v2\/posts\/13729\/revisions"}],"wp:attachment":[{"href":"https:\/\/www.archivosfutmex.com\/wordpress\/wp-json\/wp\/v2\/media?parent=13729"}],"wp:term":[{"taxonomy":"category","embeddable":true,"href":"https:\/\/www.archivosfutmex.com\/wordpress\/wp-json\/wp\/v2\/categories?post=13729"},{"taxonomy":"post_tag","embeddable":true,"href":"https:\/\/www.archivosfutmex.com\/wordpress\/wp-json\/wp\/v2\/tags?post=13729"}],"curies":[{"name":"wp","href":"https:\/\/api.w.org\/{rel}","templated":true}]}}