{"id":13837,"date":"2025-05-28T09:04:57","date_gmt":"2025-05-28T15:04:57","guid":{"rendered":"http:\/\/www.archivosfutmex.com\/wordpress\/?p=13837"},"modified":"2025-05-28T09:04:58","modified_gmt":"2025-05-28T15:04:58","slug":"el-santo-evangelio-de-hoy-miercoles-28-del-evangelio-segun-san-juan-jn-16-12-15","status":"publish","type":"post","link":"https:\/\/www.archivosfutmex.com\/wordpress\/archivos\/13837","title":{"rendered":"El Santo Evangelio de Hoy Mi\u00e9rcoles 28, Del Evangelio seg\u00fan San Juan , Jn , 16, 12-15"},"content":{"rendered":"\n<p>En aquel tiempo, Jes\u00fas dijo a sus disc\u00edpulos: \u00abA\u00fan tengo muchas cosas que decirles, pero todav\u00eda no las pueden comprender. Pero cuando venga el Esp\u00edritu de la verdad, \u00e9l los ir\u00e1 guiando hasta la verdad plena, porque no hablar\u00e1 por su cuenta, sino que dir\u00e1 lo que haya o\u00eddo y les anunciar\u00e1 las cosas que van a suceder. \u00c9l me glorificar\u00e1, porque primero recibir\u00e1 de m\u00ed lo que les vaya comunicando. Todo lo que tiene el Padre es m\u00edo. Por eso he dicho que tomar\u00e1 de lo m\u00edo y se lo comunicar\u00e1 a ustedes\u00bb.<\/p>\n","protected":false},"excerpt":{"rendered":"<p>En aquel tiempo, Jes\u00fas dijo a sus disc\u00edpulos: \u00abA\u00fan tengo muchas cosas que decirles, pero todav\u00eda no las pueden comprender. Pero cuando venga el Esp\u00edritu de la verdad, \u00e9l los ir\u00e1 guiando hasta la verdad plena, porque no hablar\u00e1 por su cuenta, sino que dir\u00e1 lo que haya o\u00eddo y les anunciar\u00e1 las cosas que [&hellip;]<\/p>\n","protected":false},"author":2,"featured_media":0,"comment_status":"closed","ping_status":"closed","sticky":false,"template":"","format":"standard","meta":{"footnotes":""},"categories":[165],"tags":[],"class_list":["post-13837","post","type-post","status-publish","format-standard","hentry","category-evangelio-de-hoy"],"_links":{"self":[{"href":"https:\/\/www.archivosfutmex.com\/wordpress\/wp-json\/wp\/v2\/posts\/13837","targetHints":{"allow":["GET"]}}],"collection":[{"href":"https:\/\/www.archivosfutmex.com\/wordpress\/wp-json\/wp\/v2\/posts"}],"about":[{"href":"https:\/\/www.archivosfutmex.com\/wordpress\/wp-json\/wp\/v2\/types\/post"}],"author":[{"embeddable":true,"href":"https:\/\/www.archivosfutmex.com\/wordpress\/wp-json\/wp\/v2\/users\/2"}],"replies":[{"embeddable":true,"href":"https:\/\/www.archivosfutmex.com\/wordpress\/wp-json\/wp\/v2\/comments?post=13837"}],"version-history":[{"count":0,"href":"https:\/\/www.archivosfutmex.com\/wordpress\/wp-json\/wp\/v2\/posts\/13837\/revisions"}],"wp:attachment":[{"href":"https:\/\/www.archivosfutmex.com\/wordpress\/wp-json\/wp\/v2\/media?parent=13837"}],"wp:term":[{"taxonomy":"category","embeddable":true,"href":"https:\/\/www.archivosfutmex.com\/wordpress\/wp-json\/wp\/v2\/categories?post=13837"},{"taxonomy":"post_tag","embeddable":true,"href":"https:\/\/www.archivosfutmex.com\/wordpress\/wp-json\/wp\/v2\/tags?post=13837"}],"curies":[{"name":"wp","href":"https:\/\/api.w.org\/{rel}","templated":true}]}}