{"id":13839,"date":"2025-05-28T09:07:01","date_gmt":"2025-05-28T15:07:01","guid":{"rendered":"http:\/\/www.archivosfutmex.com\/wordpress\/?p=13839"},"modified":"2025-05-28T09:07:02","modified_gmt":"2025-05-28T15:07:02","slug":"palabras-de-los-papas-3","status":"publish","type":"post","link":"https:\/\/www.archivosfutmex.com\/wordpress\/archivos\/13839","title":{"rendered":"Palabras de los Papas"},"content":{"rendered":"\n<p>El Esp\u00edritu Santo, luego, como promete Jes\u00fas, nos gu\u00eda \u00abhasta la verdad plena\u00bb (Jn\u00a016, 13); nos gu\u00eda no s\u00f3lo al encuentro con Jes\u00fas, plenitud de la Verdad, sino que nos gu\u00eda incluso \u00abdentro\u00bb de la Verdad, es decir, nos hace entrar en una comuni\u00f3n cada vez m\u00e1s profunda con Jes\u00fas, don\u00e1ndonos la inteligencia de las cosas de Dios. Y esto no lo podemos alcanzar con nuestras fuerzas. Si Dios no nos ilumina interiormente, nuestro ser cristiano ser\u00e1 superficial.\u00a0(\u2026) Pregunt\u00e9monos: \u00bfestoy abierto a la acci\u00f3n del Esp\u00edritu Santo, le pido que me d\u00e9 luz, me haga m\u00e1s sensible a las cosas de Dios? Esta es una oraci\u00f3n que debemos hacer todos los d\u00edas: \u00abEsp\u00edritu Santo haz que mi coraz\u00f3n se abra a la Palabra de Dios, que mi coraz\u00f3n se abra al bien, que mi coraz\u00f3n se abra a la belleza de Dios todos los d\u00edas\u00bb.\u00a0(Papa Francisco, Audiencia general 15 de mayo de 2013)<\/p>\n","protected":false},"excerpt":{"rendered":"<p>El Esp\u00edritu Santo, luego, como promete Jes\u00fas, nos gu\u00eda \u00abhasta la verdad plena\u00bb (Jn\u00a016, 13); nos gu\u00eda no s\u00f3lo al encuentro con Jes\u00fas, plenitud de la Verdad, sino que nos gu\u00eda incluso \u00abdentro\u00bb de la Verdad, es decir, nos hace entrar en una comuni\u00f3n cada vez m\u00e1s profunda con Jes\u00fas, don\u00e1ndonos la inteligencia de las [&hellip;]<\/p>\n","protected":false},"author":2,"featured_media":0,"comment_status":"closed","ping_status":"closed","sticky":false,"template":"","format":"standard","meta":{"footnotes":""},"categories":[229],"tags":[],"class_list":["post-13839","post","type-post","status-publish","format-standard","hentry","category-palabras-del-santo-padre"],"_links":{"self":[{"href":"https:\/\/www.archivosfutmex.com\/wordpress\/wp-json\/wp\/v2\/posts\/13839","targetHints":{"allow":["GET"]}}],"collection":[{"href":"https:\/\/www.archivosfutmex.com\/wordpress\/wp-json\/wp\/v2\/posts"}],"about":[{"href":"https:\/\/www.archivosfutmex.com\/wordpress\/wp-json\/wp\/v2\/types\/post"}],"author":[{"embeddable":true,"href":"https:\/\/www.archivosfutmex.com\/wordpress\/wp-json\/wp\/v2\/users\/2"}],"replies":[{"embeddable":true,"href":"https:\/\/www.archivosfutmex.com\/wordpress\/wp-json\/wp\/v2\/comments?post=13839"}],"version-history":[{"count":0,"href":"https:\/\/www.archivosfutmex.com\/wordpress\/wp-json\/wp\/v2\/posts\/13839\/revisions"}],"wp:attachment":[{"href":"https:\/\/www.archivosfutmex.com\/wordpress\/wp-json\/wp\/v2\/media?parent=13839"}],"wp:term":[{"taxonomy":"category","embeddable":true,"href":"https:\/\/www.archivosfutmex.com\/wordpress\/wp-json\/wp\/v2\/categories?post=13839"},{"taxonomy":"post_tag","embeddable":true,"href":"https:\/\/www.archivosfutmex.com\/wordpress\/wp-json\/wp\/v2\/tags?post=13839"}],"curies":[{"name":"wp","href":"https:\/\/api.w.org\/{rel}","templated":true}]}}