{"id":13841,"date":"2025-05-29T08:09:35","date_gmt":"2025-05-29T14:09:35","guid":{"rendered":"http:\/\/www.archivosfutmex.com\/wordpress\/?p=13841"},"modified":"2025-05-29T08:09:36","modified_gmt":"2025-05-29T14:09:36","slug":"ayer-miercoles-28-de-mayo-2025-en-la-iglesia-del-senor-de-la-ascension-en-la-colonia-fabrica-de-atemajac-en-misa-de-12-pm-asistieron-23-fieles-18-mujeres-y-5-hombres-el-padre-que-oficio-la-misa","status":"publish","type":"post","link":"https:\/\/www.archivosfutmex.com\/wordpress\/archivos\/13841","title":{"rendered":"Ayer Mi\u00e9rcoles 28 de Mayo 2025 en la Iglesia del Se\u00f1or de la Ascensi\u00f3n en La Colonia F\u00e1brica de Atemajac en Misa de 12 Pm , Asistieron 23 Fieles ,  18 Mujeres y 5 Hombres , El Padre que Ofici\u00f3 La Misa Fue el Padre Juan Jos\u00e9"},"content":{"rendered":"","protected":false},"excerpt":{"rendered":"","protected":false},"author":2,"featured_media":0,"comment_status":"closed","ping_status":"closed","sticky":false,"template":"","format":"standard","meta":{"footnotes":""},"categories":[332],"tags":[],"class_list":["post-13841","post","type-post","status-publish","format-standard","hentry","category-asistencia-numero-de-fieles-en-las-misas-de-las-iglesias-catolicas-de-guadalajara-jalisco-mexico"],"_links":{"self":[{"href":"https:\/\/www.archivosfutmex.com\/wordpress\/wp-json\/wp\/v2\/posts\/13841","targetHints":{"allow":["GET"]}}],"collection":[{"href":"https:\/\/www.archivosfutmex.com\/wordpress\/wp-json\/wp\/v2\/posts"}],"about":[{"href":"https:\/\/www.archivosfutmex.com\/wordpress\/wp-json\/wp\/v2\/types\/post"}],"author":[{"embeddable":true,"href":"https:\/\/www.archivosfutmex.com\/wordpress\/wp-json\/wp\/v2\/users\/2"}],"replies":[{"embeddable":true,"href":"https:\/\/www.archivosfutmex.com\/wordpress\/wp-json\/wp\/v2\/comments?post=13841"}],"version-history":[{"count":0,"href":"https:\/\/www.archivosfutmex.com\/wordpress\/wp-json\/wp\/v2\/posts\/13841\/revisions"}],"wp:attachment":[{"href":"https:\/\/www.archivosfutmex.com\/wordpress\/wp-json\/wp\/v2\/media?parent=13841"}],"wp:term":[{"taxonomy":"category","embeddable":true,"href":"https:\/\/www.archivosfutmex.com\/wordpress\/wp-json\/wp\/v2\/categories?post=13841"},{"taxonomy":"post_tag","embeddable":true,"href":"https:\/\/www.archivosfutmex.com\/wordpress\/wp-json\/wp\/v2\/tags?post=13841"}],"curies":[{"name":"wp","href":"https:\/\/api.w.org\/{rel}","templated":true}]}}