{"id":13843,"date":"2025-05-29T08:21:42","date_gmt":"2025-05-29T14:21:42","guid":{"rendered":"http:\/\/www.archivosfutmex.com\/wordpress\/?p=13843"},"modified":"2025-05-29T08:21:43","modified_gmt":"2025-05-29T14:21:43","slug":"oracion-colecta-hoy-jueves-29-mayo-2025","status":"publish","type":"post","link":"https:\/\/www.archivosfutmex.com\/wordpress\/archivos\/13843","title":{"rendered":"ORACI\u00d3N COLECTA Hoy Jueves 29 Mayo 2025"},"content":{"rendered":"\n<p>Se\u00f1or Dios, que has confiado tu Iglesia a la gu\u00eda del Papa San Pablo VI, Ap\u00f3stol valiente del Evangelio de tu Hijo, haz que, iluminados por su ense\u00f1anza, podamos colaborar contigo para difundir en el Mundo la civilizaci\u00f3n del amor. Por nuestro Se\u00f1or Jesucristo , tu Hijo, que vive y reina contigo en la unidad del Esp\u00edritu Santo y es Dios por los siglos de los siglos\u2026Am\u00e9n<\/p>\n","protected":false},"excerpt":{"rendered":"<p>Se\u00f1or Dios, que has confiado tu Iglesia a la gu\u00eda del Papa San Pablo VI, Ap\u00f3stol valiente del Evangelio de tu Hijo, haz que, iluminados por su ense\u00f1anza, podamos colaborar contigo para difundir en el Mundo la civilizaci\u00f3n del amor. Por nuestro Se\u00f1or Jesucristo , tu Hijo, que vive y reina contigo en la unidad [&hellip;]<\/p>\n","protected":false},"author":2,"featured_media":0,"comment_status":"closed","ping_status":"closed","sticky":false,"template":"","format":"standard","meta":{"footnotes":""},"categories":[185],"tags":[],"class_list":["post-13843","post","type-post","status-publish","format-standard","hentry","category-oracion-colecta"],"_links":{"self":[{"href":"https:\/\/www.archivosfutmex.com\/wordpress\/wp-json\/wp\/v2\/posts\/13843","targetHints":{"allow":["GET"]}}],"collection":[{"href":"https:\/\/www.archivosfutmex.com\/wordpress\/wp-json\/wp\/v2\/posts"}],"about":[{"href":"https:\/\/www.archivosfutmex.com\/wordpress\/wp-json\/wp\/v2\/types\/post"}],"author":[{"embeddable":true,"href":"https:\/\/www.archivosfutmex.com\/wordpress\/wp-json\/wp\/v2\/users\/2"}],"replies":[{"embeddable":true,"href":"https:\/\/www.archivosfutmex.com\/wordpress\/wp-json\/wp\/v2\/comments?post=13843"}],"version-history":[{"count":0,"href":"https:\/\/www.archivosfutmex.com\/wordpress\/wp-json\/wp\/v2\/posts\/13843\/revisions"}],"wp:attachment":[{"href":"https:\/\/www.archivosfutmex.com\/wordpress\/wp-json\/wp\/v2\/media?parent=13843"}],"wp:term":[{"taxonomy":"category","embeddable":true,"href":"https:\/\/www.archivosfutmex.com\/wordpress\/wp-json\/wp\/v2\/categories?post=13843"},{"taxonomy":"post_tag","embeddable":true,"href":"https:\/\/www.archivosfutmex.com\/wordpress\/wp-json\/wp\/v2\/tags?post=13843"}],"curies":[{"name":"wp","href":"https:\/\/api.w.org\/{rel}","templated":true}]}}