{"id":13849,"date":"2025-05-29T08:32:10","date_gmt":"2025-05-29T14:32:10","guid":{"rendered":"http:\/\/www.archivosfutmex.com\/wordpress\/?p=13849"},"modified":"2025-05-29T08:32:11","modified_gmt":"2025-05-29T14:32:11","slug":"las-palabras-de-los-papas-3","status":"publish","type":"post","link":"https:\/\/www.archivosfutmex.com\/wordpress\/archivos\/13849","title":{"rendered":"LAS PALABRAS DE LOS PAPAS"},"content":{"rendered":"\n<p>En la cruz se manifest\u00f3 a los cristianos el \u00abevangelio del sufrimiento\u00bb (<a href=\"http:\/\/w2.vatican.va\/content\/john-paul-ii\/es\/apost_letters\/1984\/documents\/hf_jp-ii_apl_11021984_salvifici-doloris.html\">Salvifici doloris<\/a>, 25).\u00a0Jes\u00fas reconoci\u00f3 en su sacrificio el camino establecido por el Padre para la redenci\u00f3n de la humanidad, y lo recorri\u00f3.\u00a0(\u2026) Ciertamente, no es f\u00e1cil descubrir en el sufrimiento el aut\u00e9ntico amor divino, que, mediante el sufrimiento aceptado, quiere elevar la vida humana al nivel del amor salv\u00edfico de Cristo. Ahora bien, la fe nos lleva a aceptar este misterio y, a pesar de todo, infunde paz y alegr\u00eda en el alma de quien sufre. A veces se llega a decir, con san Pablo: \u00abEstoy llen\u00f3 de consuelo y sobreabundo de gozo en todas nuestras tribulaciones\u00bb (San Juan Pablo II, Audiencia General 27 de abril de1994)<\/p>\n","protected":false},"excerpt":{"rendered":"<p>En la cruz se manifest\u00f3 a los cristianos el \u00abevangelio del sufrimiento\u00bb (Salvifici doloris, 25).\u00a0Jes\u00fas reconoci\u00f3 en su sacrificio el camino establecido por el Padre para la redenci\u00f3n de la humanidad, y lo recorri\u00f3.\u00a0(\u2026) Ciertamente, no es f\u00e1cil descubrir en el sufrimiento el aut\u00e9ntico amor divino, que, mediante el sufrimiento aceptado, quiere elevar la vida [&hellip;]<\/p>\n","protected":false},"author":2,"featured_media":0,"comment_status":"closed","ping_status":"closed","sticky":false,"template":"","format":"standard","meta":{"footnotes":""},"categories":[229],"tags":[],"class_list":["post-13849","post","type-post","status-publish","format-standard","hentry","category-palabras-del-santo-padre"],"_links":{"self":[{"href":"https:\/\/www.archivosfutmex.com\/wordpress\/wp-json\/wp\/v2\/posts\/13849","targetHints":{"allow":["GET"]}}],"collection":[{"href":"https:\/\/www.archivosfutmex.com\/wordpress\/wp-json\/wp\/v2\/posts"}],"about":[{"href":"https:\/\/www.archivosfutmex.com\/wordpress\/wp-json\/wp\/v2\/types\/post"}],"author":[{"embeddable":true,"href":"https:\/\/www.archivosfutmex.com\/wordpress\/wp-json\/wp\/v2\/users\/2"}],"replies":[{"embeddable":true,"href":"https:\/\/www.archivosfutmex.com\/wordpress\/wp-json\/wp\/v2\/comments?post=13849"}],"version-history":[{"count":0,"href":"https:\/\/www.archivosfutmex.com\/wordpress\/wp-json\/wp\/v2\/posts\/13849\/revisions"}],"wp:attachment":[{"href":"https:\/\/www.archivosfutmex.com\/wordpress\/wp-json\/wp\/v2\/media?parent=13849"}],"wp:term":[{"taxonomy":"category","embeddable":true,"href":"https:\/\/www.archivosfutmex.com\/wordpress\/wp-json\/wp\/v2\/categories?post=13849"},{"taxonomy":"post_tag","embeddable":true,"href":"https:\/\/www.archivosfutmex.com\/wordpress\/wp-json\/wp\/v2\/tags?post=13849"}],"curies":[{"name":"wp","href":"https:\/\/api.w.org\/{rel}","templated":true}]}}