{"id":14977,"date":"2025-10-22T06:43:22","date_gmt":"2025-10-22T12:43:22","guid":{"rendered":"https:\/\/www.archivosfutmex.com\/wordpress\/?p=14977"},"modified":"2025-10-22T06:43:24","modified_gmt":"2025-10-22T12:43:24","slug":"oracion-colecta-hoy-miercoles-22-octubre-2025","status":"publish","type":"post","link":"https:\/\/www.archivosfutmex.com\/wordpress\/archivos\/14977","title":{"rendered":"ORACI\u00d3N COLECTA Hoy Mi\u00e9rcoles 22 Octubre 2025"},"content":{"rendered":"\n<p>Dios nuestro , rico en misericordia , que has querido que San Juan Pablo II, Papa , guiara a toda tu Iglesia , te pedimos que, instruidos por sus ense\u00f1anzas , nos concedas abrir confiadamente nuestros corazones a la gracia salvadora de Cristo, \u00fanico redentor del hombre . \u00c9l, que vive y reina contigo en la unidad del Esp\u00efritu Santo y es Dios por los siglos de los siglos\u2026Am\u00e9n..<\/p>\n\n\n\n<p><\/p>\n","protected":false},"excerpt":{"rendered":"<p>Dios nuestro , rico en misericordia , que has querido que San Juan Pablo II, Papa , guiara a toda tu Iglesia , te pedimos que, instruidos por sus ense\u00f1anzas , nos concedas abrir confiadamente nuestros corazones a la gracia salvadora de Cristo, \u00fanico redentor del hombre . \u00c9l, que vive y reina contigo en [&hellip;]<\/p>\n","protected":false},"author":2,"featured_media":0,"comment_status":"closed","ping_status":"closed","sticky":false,"template":"","format":"standard","meta":{"footnotes":""},"categories":[185],"tags":[],"class_list":["post-14977","post","type-post","status-publish","format-standard","hentry","category-oracion-colecta"],"_links":{"self":[{"href":"https:\/\/www.archivosfutmex.com\/wordpress\/wp-json\/wp\/v2\/posts\/14977","targetHints":{"allow":["GET"]}}],"collection":[{"href":"https:\/\/www.archivosfutmex.com\/wordpress\/wp-json\/wp\/v2\/posts"}],"about":[{"href":"https:\/\/www.archivosfutmex.com\/wordpress\/wp-json\/wp\/v2\/types\/post"}],"author":[{"embeddable":true,"href":"https:\/\/www.archivosfutmex.com\/wordpress\/wp-json\/wp\/v2\/users\/2"}],"replies":[{"embeddable":true,"href":"https:\/\/www.archivosfutmex.com\/wordpress\/wp-json\/wp\/v2\/comments?post=14977"}],"version-history":[{"count":0,"href":"https:\/\/www.archivosfutmex.com\/wordpress\/wp-json\/wp\/v2\/posts\/14977\/revisions"}],"wp:attachment":[{"href":"https:\/\/www.archivosfutmex.com\/wordpress\/wp-json\/wp\/v2\/media?parent=14977"}],"wp:term":[{"taxonomy":"category","embeddable":true,"href":"https:\/\/www.archivosfutmex.com\/wordpress\/wp-json\/wp\/v2\/categories?post=14977"},{"taxonomy":"post_tag","embeddable":true,"href":"https:\/\/www.archivosfutmex.com\/wordpress\/wp-json\/wp\/v2\/tags?post=14977"}],"curies":[{"name":"wp","href":"https:\/\/api.w.org\/{rel}","templated":true}]}}