{"id":15013,"date":"2025-10-26T07:07:03","date_gmt":"2025-10-26T13:07:03","guid":{"rendered":"http:\/\/www.archivosfutmex.com\/wordpress\/?p=15013"},"modified":"2025-10-26T07:07:04","modified_gmt":"2025-10-26T13:07:04","slug":"oracion-colecta-hoy-domingo-26-octubre-2025","status":"publish","type":"post","link":"https:\/\/www.archivosfutmex.com\/wordpress\/archivos\/15013","title":{"rendered":"ORACI\u00d3N COLECTA Hoy Domingo 26 Octubre 2025"},"content":{"rendered":"\n<p>Dios todopoderoso y eterno, aumenta en nosotros la fe, la esperanza y la caridad, y para merezcamos alcanzar lo que nos prometes , conc\u00e9denos amar lo que nos mandas. Por nuestro Se\u00f1or Jesucristro . &nbsp;Tu Hijo, que vive y reina contigo en la unidad del Esp\u00edritu Santo y es Dios por los Siglos de los Siglos\u2026Am\u00e9n\u2026<\/p>\n","protected":false},"excerpt":{"rendered":"<p>Dios todopoderoso y eterno, aumenta en nosotros la fe, la esperanza y la caridad, y para merezcamos alcanzar lo que nos prometes , conc\u00e9denos amar lo que nos mandas. Por nuestro Se\u00f1or Jesucristro . &nbsp;Tu Hijo, que vive y reina contigo en la unidad del Esp\u00edritu Santo y es Dios por los Siglos de los [&hellip;]<\/p>\n","protected":false},"author":2,"featured_media":0,"comment_status":"closed","ping_status":"closed","sticky":false,"template":"","format":"standard","meta":{"footnotes":""},"categories":[185],"tags":[],"class_list":["post-15013","post","type-post","status-publish","format-standard","hentry","category-oracion-colecta"],"_links":{"self":[{"href":"https:\/\/www.archivosfutmex.com\/wordpress\/wp-json\/wp\/v2\/posts\/15013","targetHints":{"allow":["GET"]}}],"collection":[{"href":"https:\/\/www.archivosfutmex.com\/wordpress\/wp-json\/wp\/v2\/posts"}],"about":[{"href":"https:\/\/www.archivosfutmex.com\/wordpress\/wp-json\/wp\/v2\/types\/post"}],"author":[{"embeddable":true,"href":"https:\/\/www.archivosfutmex.com\/wordpress\/wp-json\/wp\/v2\/users\/2"}],"replies":[{"embeddable":true,"href":"https:\/\/www.archivosfutmex.com\/wordpress\/wp-json\/wp\/v2\/comments?post=15013"}],"version-history":[{"count":0,"href":"https:\/\/www.archivosfutmex.com\/wordpress\/wp-json\/wp\/v2\/posts\/15013\/revisions"}],"wp:attachment":[{"href":"https:\/\/www.archivosfutmex.com\/wordpress\/wp-json\/wp\/v2\/media?parent=15013"}],"wp:term":[{"taxonomy":"category","embeddable":true,"href":"https:\/\/www.archivosfutmex.com\/wordpress\/wp-json\/wp\/v2\/categories?post=15013"},{"taxonomy":"post_tag","embeddable":true,"href":"https:\/\/www.archivosfutmex.com\/wordpress\/wp-json\/wp\/v2\/tags?post=15013"}],"curies":[{"name":"wp","href":"https:\/\/api.w.org\/{rel}","templated":true}]}}