{"id":15103,"date":"2025-11-02T00:04:48","date_gmt":"2025-11-02T06:04:48","guid":{"rendered":"https:\/\/www.archivosfutmex.com\/wordpress\/?p=15103"},"modified":"2025-11-02T00:04:49","modified_gmt":"2025-11-02T06:04:49","slug":"el-santo-evangelio-de-hoy-domingo-2-noviembre-del-evangelio-de-juan-jn-6-37-40","status":"publish","type":"post","link":"https:\/\/www.archivosfutmex.com\/wordpress\/archivos\/15103","title":{"rendered":"El Santo Evangelio de Hoy Domingo 2 Noviembre, Del Evangelio de Juan , Jn, 6, 37-40"},"content":{"rendered":"\n<p>Juan 6, 37-40<\/p>\n\n\n\n<p>En aquel tiempo, Jes\u00fas dijo a la multitud: \u201cTodo aquel que me da el Padre viene hacia m\u00ed; y al que viene a m\u00ed yo no lo echar\u00e9 fuera, porque he bajado del cielo, no para hacer mi voluntad, sino la voluntad del que me envi\u00f3.<\/p>\n\n\n\n<p>Y la voluntad del que me envi\u00f3 es que yo no pierda nada de lo que \u00e9l me ha dado, sino que lo resucite en el \u00faltimo d\u00eda. La voluntad de mi Padre consiste en que todo el que vea al Hijo y crea en \u00e9l, tenga vida eterna y yo lo resucite en el \u00faltimo d\u00eda\u2019\u2019.<\/p>\n","protected":false},"excerpt":{"rendered":"<p>Juan 6, 37-40 En aquel tiempo, Jes\u00fas dijo a la multitud: \u201cTodo aquel que me da el Padre viene hacia m\u00ed; y al que viene a m\u00ed yo no lo echar\u00e9 fuera, porque he bajado del cielo, no para hacer mi voluntad, sino la voluntad del que me envi\u00f3. Y la voluntad del que me [&hellip;]<\/p>\n","protected":false},"author":2,"featured_media":0,"comment_status":"closed","ping_status":"closed","sticky":false,"template":"","format":"standard","meta":{"footnotes":""},"categories":[165],"tags":[],"class_list":["post-15103","post","type-post","status-publish","format-standard","hentry","category-evangelio-de-hoy"],"_links":{"self":[{"href":"https:\/\/www.archivosfutmex.com\/wordpress\/wp-json\/wp\/v2\/posts\/15103","targetHints":{"allow":["GET"]}}],"collection":[{"href":"https:\/\/www.archivosfutmex.com\/wordpress\/wp-json\/wp\/v2\/posts"}],"about":[{"href":"https:\/\/www.archivosfutmex.com\/wordpress\/wp-json\/wp\/v2\/types\/post"}],"author":[{"embeddable":true,"href":"https:\/\/www.archivosfutmex.com\/wordpress\/wp-json\/wp\/v2\/users\/2"}],"replies":[{"embeddable":true,"href":"https:\/\/www.archivosfutmex.com\/wordpress\/wp-json\/wp\/v2\/comments?post=15103"}],"version-history":[{"count":0,"href":"https:\/\/www.archivosfutmex.com\/wordpress\/wp-json\/wp\/v2\/posts\/15103\/revisions"}],"wp:attachment":[{"href":"https:\/\/www.archivosfutmex.com\/wordpress\/wp-json\/wp\/v2\/media?parent=15103"}],"wp:term":[{"taxonomy":"category","embeddable":true,"href":"https:\/\/www.archivosfutmex.com\/wordpress\/wp-json\/wp\/v2\/categories?post=15103"},{"taxonomy":"post_tag","embeddable":true,"href":"https:\/\/www.archivosfutmex.com\/wordpress\/wp-json\/wp\/v2\/tags?post=15103"}],"curies":[{"name":"wp","href":"https:\/\/api.w.org\/{rel}","templated":true}]}}