{"id":15608,"date":"2025-11-30T05:34:42","date_gmt":"2025-11-30T11:34:42","guid":{"rendered":"http:\/\/www.archivosfutmex.com\/wordpress\/?p=15608"},"modified":"2025-11-30T05:43:27","modified_gmt":"2025-11-30T11:43:27","slug":"el-santo-evangelio-de-hoy-primer-domingo-de-adviento-del-libro-de-isaias-21-5","status":"publish","type":"post","link":"https:\/\/www.archivosfutmex.com\/wordpress\/archivos\/15608","title":{"rendered":"Lectura de Hoy Domingo 30 de Noviembre 2025 ,   Primer Domingo de Adviento, Del Libro de Isa\u00edas 2,1-5"},"content":{"rendered":"\n<p>Isa\u03afas 2, 1-5<\/p>\n\n\n\n<p>Visi\u00f3n de Isa\u00edas, hijo de Am\u00f3s, acerca de Jud\u00e1 y Jerusal\u00e9n:<br>&nbsp;En d\u00edas futuros, el monte de la casa del Se\u00f1or<br>ser\u00e1 elevado en la cima de los montes,<br>encumbrado sobre las monta\u00f1as,<br>y hacia \u00e9l confluir\u00e1n todas las naciones.<br><br>Acudir\u00e1n pueblos numerosos, que dir\u00e1n:<br>\u201cVengan, subamos al monte del Se\u00f1or,<br>a la casa del Dios de Jacob,<br>para que \u00e9l nos instruya en sus caminos<br>y podamos marchar por sus sendas.<br>Porque de Si\u00f3n saldr\u00e1 la ley,<br>de Jerusal\u00e9n, la palabra del Se\u00f1or\u201d.<br><br>\u00c9l ser\u00e1 el \u00e1rbitro de las naciones<br>y el juez de pueblos numerosos.<br>De las espadas forjar\u00e1n arados<br>y de las lanzas, podaderas;<br>ya no alzar\u00e1 la espada pueblo contra pueblo,<br>ya no se adiestrar\u00e1n para la guerra.<br><br>\u00a1Casa de Jacob, en marcha!<br>Caminemos a la luz del Se\u00f1or.<\/p>\n","protected":false},"excerpt":{"rendered":"<p>Isa\u03afas 2, 1-5 Visi\u00f3n de Isa\u00edas, hijo de Am\u00f3s, acerca de Jud\u00e1 y Jerusal\u00e9n:&nbsp;En d\u00edas futuros, el monte de la casa del Se\u00f1orser\u00e1 elevado en la cima de los montes,encumbrado sobre las monta\u00f1as,y hacia \u00e9l confluir\u00e1n todas las naciones. Acudir\u00e1n pueblos numerosos, que dir\u00e1n:\u201cVengan, subamos al monte del Se\u00f1or,a la casa del Dios de Jacob,para [&hellip;]<\/p>\n","protected":false},"author":2,"featured_media":0,"comment_status":"closed","ping_status":"closed","sticky":false,"template":"","format":"standard","meta":{"footnotes":""},"categories":[205],"tags":[],"class_list":["post-15608","post","type-post","status-publish","format-standard","hentry","category-primera-lectura"],"_links":{"self":[{"href":"https:\/\/www.archivosfutmex.com\/wordpress\/wp-json\/wp\/v2\/posts\/15608","targetHints":{"allow":["GET"]}}],"collection":[{"href":"https:\/\/www.archivosfutmex.com\/wordpress\/wp-json\/wp\/v2\/posts"}],"about":[{"href":"https:\/\/www.archivosfutmex.com\/wordpress\/wp-json\/wp\/v2\/types\/post"}],"author":[{"embeddable":true,"href":"https:\/\/www.archivosfutmex.com\/wordpress\/wp-json\/wp\/v2\/users\/2"}],"replies":[{"embeddable":true,"href":"https:\/\/www.archivosfutmex.com\/wordpress\/wp-json\/wp\/v2\/comments?post=15608"}],"version-history":[{"count":0,"href":"https:\/\/www.archivosfutmex.com\/wordpress\/wp-json\/wp\/v2\/posts\/15608\/revisions"}],"wp:attachment":[{"href":"https:\/\/www.archivosfutmex.com\/wordpress\/wp-json\/wp\/v2\/media?parent=15608"}],"wp:term":[{"taxonomy":"category","embeddable":true,"href":"https:\/\/www.archivosfutmex.com\/wordpress\/wp-json\/wp\/v2\/categories?post=15608"},{"taxonomy":"post_tag","embeddable":true,"href":"https:\/\/www.archivosfutmex.com\/wordpress\/wp-json\/wp\/v2\/tags?post=15608"}],"curies":[{"name":"wp","href":"https:\/\/api.w.org\/{rel}","templated":true}]}}