{"id":1565,"date":"2016-01-18T22:13:00","date_gmt":"2016-01-19T04:13:00","guid":{"rendered":"http:\/\/www.archivosfutmex.com\/wordpress\/?p=1565"},"modified":"2016-01-18T22:13:00","modified_gmt":"2016-01-19T04:13:00","slug":"atlas-en-la-copa-federacion-torneo-oficial-16-equipos-de-primera-contra-12-equipos-de-segunda-archivosfutmex-com","status":"publish","type":"post","link":"https:\/\/www.archivosfutmex.com\/wordpress\/archivos\/1565","title":{"rendered":"Atlas en la Copa Federaci\u00f3n ( Torneo Oficial) 16 Equipos de Primera Contra 12 Equipos de Segunda&#8230;.Archivosfutmex.com"},"content":{"rendered":"<p>ATLAS EN LACOPA FEDERACI\u00d3N ( Torneo Oficial) 1983.<\/p>\n<p>16 de Primera Divisi\u00f3n Contra 12 de La Segunda Divisi\u00f3n.<\/p>\n<p>&nbsp;<\/p>\n<p>&nbsp;<\/p>\n<p>Primera Jornada<\/p>\n<p>S\u00e1bado 9 de Julio de 1983 \/ Zamora Michoac\u00e1n<\/p>\n<p>Zamora \u2013 0 \u00a0\u00a0\u00a0\u00a0\u00a0\u00a0\u00a0\u00a0\u00a0\u00a0\u00a0\u00a0\u00a0\u00a0\u00a0\u00a0\u00a0 Atlas \u2013 2<\/p>\n<p>Ricardo \u201c Diablo \u201c M\u00e1rquez (2)<\/p>\n<p>Expulsados : Fernando L\u00f6pez Vega ( Portero ) \/ Jos\u00e9 de Jes\u00fas Aceves (Atlas )<\/p>\n<p>Nota : Ricardo \u201c Diablo\u201d M\u00e1rquez se Puso de Portero.<\/p>\n<p>Entrenador del Atlas : Ernesto\u201d Teto\u201d Cisneros:<\/p>\n<p>&nbsp;<\/p>\n<p>&nbsp;<\/p>\n<p>Segunda Jornada<\/p>\n<p>S\u00e1bado 16 de Julio de 1983 \/\u00a0 En Villahermosa<\/p>\n<p>Tabasco &#8211; 0\u00a0\u00a0 Atlas \u2013 1<\/p>\n<p>&nbsp;<\/p>\n<p>&nbsp;<\/p>\n<p>Tercera Jornada<\/p>\n<p>24 de Julio de 1983 en C\u00f3rdoba, Veracruz \/ Estadio Murillo Vidal<\/p>\n<p>C\u00f3rdoba \u2013 1\u00a0\u00a0\u00a0\u00a0\u00a0\u00a0\u00a0 \u00a0\u00a0\u00a0\u00a0\u00a0\u00a0\u00a0\u00a0\u00a0\u00a0\u00a0\u00a0\u00a0\u00a0\u00a0\u00a0\u00a0\u00a0 Atlas \u2013 0<\/p>\n<p>\u00c1rbitro : Marco Antonio Miranda<\/p>\n<p>&nbsp;<\/p>\n<p>&nbsp;<\/p>\n<p>Domingo 31 De Julio de 1983 \/ En\u00a0 Irapuato<\/p>\n<p>Irapuato \u2013 1\u00a0\u00a0\u00a0\u00a0\u00a0\u00a0\u00a0\u00a0 \u00a0\u00a0\u00a0\u00a0\u00a0\u00a0\u00a0\u00a0\u00a0\u00a0\u00a0\u00a0\u00a0\u00a0\u00a0\u00a0\u00a0\u00a0 Atlas \u2013 2<\/p>\n<p>Alberto Mariscal<\/p>\n<p>Salvador Tovar<\/p>\n<p>&nbsp;<\/p>\n<p>Archivosfutmex.com<\/p>\n<p>FACEBOOK : GUILLERMO GLORIA FONSECA<\/p>\n<p>&nbsp;<\/p>\n<p>&nbsp;<\/p>\n<p>&nbsp;<\/p>\n<p>&nbsp;<\/p>\n<p>&nbsp;<\/p>\n<p>&nbsp;<\/p>\n<p>&nbsp;<\/p>\n<p>&nbsp;<\/p>\n<p>&nbsp;<\/p>\n<p>&nbsp;<\/p>\n<p>&nbsp;<\/p>\n<p>&nbsp;<\/p>\n","protected":false},"excerpt":{"rendered":"<p>ATLAS EN LACOPA FEDERACI\u00d3N ( Torneo Oficial) 1983. 16 de Primera Divisi\u00f3n Contra 12 de La Segunda Divisi\u00f3n. &nbsp; &nbsp; Primera Jornada S\u00e1bado 9 de Julio de 1983 \/ Zamora Michoac\u00e1n Zamora \u2013 0 \u00a0\u00a0\u00a0\u00a0\u00a0\u00a0\u00a0\u00a0\u00a0\u00a0\u00a0\u00a0\u00a0\u00a0\u00a0\u00a0\u00a0 Atlas \u2013 2 Ricardo \u201c Diablo \u201c M\u00e1rquez (2) Expulsados : Fernando L\u00f6pez Vega ( Portero ) \/ Jos\u00e9 de [&hellip;]<\/p>\n","protected":false},"author":2,"featured_media":0,"comment_status":"closed","ping_status":"closed","sticky":false,"template":"","format":"standard","meta":{"footnotes":""},"categories":[1],"tags":[],"class_list":["post-1565","post","type-post","status-publish","format-standard","hentry","category-todo-de-todo-futbol"],"_links":{"self":[{"href":"https:\/\/www.archivosfutmex.com\/wordpress\/wp-json\/wp\/v2\/posts\/1565","targetHints":{"allow":["GET"]}}],"collection":[{"href":"https:\/\/www.archivosfutmex.com\/wordpress\/wp-json\/wp\/v2\/posts"}],"about":[{"href":"https:\/\/www.archivosfutmex.com\/wordpress\/wp-json\/wp\/v2\/types\/post"}],"author":[{"embeddable":true,"href":"https:\/\/www.archivosfutmex.com\/wordpress\/wp-json\/wp\/v2\/users\/2"}],"replies":[{"embeddable":true,"href":"https:\/\/www.archivosfutmex.com\/wordpress\/wp-json\/wp\/v2\/comments?post=1565"}],"version-history":[{"count":0,"href":"https:\/\/www.archivosfutmex.com\/wordpress\/wp-json\/wp\/v2\/posts\/1565\/revisions"}],"wp:attachment":[{"href":"https:\/\/www.archivosfutmex.com\/wordpress\/wp-json\/wp\/v2\/media?parent=1565"}],"wp:term":[{"taxonomy":"category","embeddable":true,"href":"https:\/\/www.archivosfutmex.com\/wordpress\/wp-json\/wp\/v2\/categories?post=1565"},{"taxonomy":"post_tag","embeddable":true,"href":"https:\/\/www.archivosfutmex.com\/wordpress\/wp-json\/wp\/v2\/tags?post=1565"}],"curies":[{"name":"wp","href":"https:\/\/api.w.org\/{rel}","templated":true}]}}