{"id":15766,"date":"2025-12-02T09:45:50","date_gmt":"2025-12-02T15:45:50","guid":{"rendered":"http:\/\/www.archivosfutmex.com\/wordpress\/?p=15766"},"modified":"2025-12-02T09:45:50","modified_gmt":"2025-12-02T15:45:50","slug":"arquidiocesis-de-guadalajara-revista-apostol-pagina-4-julio-agosto-2022","status":"publish","type":"post","link":"https:\/\/www.archivosfutmex.com\/wordpress\/archivos\/15766","title":{"rendered":"Arquidi\u00f3cesis de Guadalajara &#8211; Revista Ap\u00f3stol , P\u00e1gina 4 &#8211; Julio &#8211; Agosto 2022"},"content":{"rendered":"\n<figure class=\"wp-block-image size-large\"><a href=\"http:\/\/www.archivosfutmex.com\/wordpress\/wp-content\/uploads\/2025\/12\/Diocesis-Pagina-4-scaled.jpg\"><img loading=\"lazy\" decoding=\"async\" width=\"768\" height=\"1024\" src=\"http:\/\/www.archivosfutmex.com\/wordpress\/wp-content\/uploads\/2025\/12\/Diocesis-Pagina-4-768x1024.jpg\" alt=\"\" class=\"wp-image-15767\" srcset=\"https:\/\/www.archivosfutmex.com\/wordpress\/wp-content\/uploads\/2025\/12\/Diocesis-Pagina-4-768x1024.jpg 768w, https:\/\/www.archivosfutmex.com\/wordpress\/wp-content\/uploads\/2025\/12\/Diocesis-Pagina-4-225x300.jpg 225w, https:\/\/www.archivosfutmex.com\/wordpress\/wp-content\/uploads\/2025\/12\/Diocesis-Pagina-4-1152x1536.jpg 1152w, https:\/\/www.archivosfutmex.com\/wordpress\/wp-content\/uploads\/2025\/12\/Diocesis-Pagina-4-1536x2048.jpg 1536w, https:\/\/www.archivosfutmex.com\/wordpress\/wp-content\/uploads\/2025\/12\/Diocesis-Pagina-4-scaled.jpg 1920w\" sizes=\"auto, (max-width: 768px) 100vw, 768px\" \/><\/a><\/figure>\n","protected":false},"excerpt":{"rendered":"","protected":false},"author":2,"featured_media":0,"comment_status":"closed","ping_status":"closed","sticky":false,"template":"","format":"standard","meta":{"footnotes":""},"categories":[634],"tags":[],"class_list":["post-15766","post","type-post","status-publish","format-standard","hentry","category-arquidiocesis-de-guadalajara-revista-apostol-julio-agosto-2022"],"_links":{"self":[{"href":"https:\/\/www.archivosfutmex.com\/wordpress\/wp-json\/wp\/v2\/posts\/15766","targetHints":{"allow":["GET"]}}],"collection":[{"href":"https:\/\/www.archivosfutmex.com\/wordpress\/wp-json\/wp\/v2\/posts"}],"about":[{"href":"https:\/\/www.archivosfutmex.com\/wordpress\/wp-json\/wp\/v2\/types\/post"}],"author":[{"embeddable":true,"href":"https:\/\/www.archivosfutmex.com\/wordpress\/wp-json\/wp\/v2\/users\/2"}],"replies":[{"embeddable":true,"href":"https:\/\/www.archivosfutmex.com\/wordpress\/wp-json\/wp\/v2\/comments?post=15766"}],"version-history":[{"count":0,"href":"https:\/\/www.archivosfutmex.com\/wordpress\/wp-json\/wp\/v2\/posts\/15766\/revisions"}],"wp:attachment":[{"href":"https:\/\/www.archivosfutmex.com\/wordpress\/wp-json\/wp\/v2\/media?parent=15766"}],"wp:term":[{"taxonomy":"category","embeddable":true,"href":"https:\/\/www.archivosfutmex.com\/wordpress\/wp-json\/wp\/v2\/categories?post=15766"},{"taxonomy":"post_tag","embeddable":true,"href":"https:\/\/www.archivosfutmex.com\/wordpress\/wp-json\/wp\/v2\/tags?post=15766"}],"curies":[{"name":"wp","href":"https:\/\/api.w.org\/{rel}","templated":true}]}}