{"id":15797,"date":"2025-12-02T18:58:27","date_gmt":"2025-12-03T00:58:27","guid":{"rendered":"https:\/\/www.archivosfutmex.com\/wordpress\/?p=15797"},"modified":"2025-12-02T18:58:27","modified_gmt":"2025-12-03T00:58:27","slug":"arquidiocesis-de-guadalajara-revista-apostol-pagina-9-julio-agosto-2022","status":"publish","type":"post","link":"https:\/\/www.archivosfutmex.com\/wordpress\/archivos\/15797","title":{"rendered":"Arquidi\u00f3cesis de Guadalajara &#8211; Revista Ap\u00f3stol &#8211; P\u00e1gina 9 &#8211; Julio &#8211; Agosto 2022"},"content":{"rendered":"\n<figure class=\"wp-block-image size-large\"><a href=\"https:\/\/www.archivosfutmex.com\/wordpress\/wp-content\/uploads\/2025\/12\/Diocesis-Pagina-9-scaled.jpg\"><img loading=\"lazy\" decoding=\"async\" width=\"768\" height=\"1024\" src=\"https:\/\/www.archivosfutmex.com\/wordpress\/wp-content\/uploads\/2025\/12\/Diocesis-Pagina-9-768x1024.jpg\" alt=\"\" class=\"wp-image-15798\" srcset=\"https:\/\/www.archivosfutmex.com\/wordpress\/wp-content\/uploads\/2025\/12\/Diocesis-Pagina-9-768x1024.jpg 768w, https:\/\/www.archivosfutmex.com\/wordpress\/wp-content\/uploads\/2025\/12\/Diocesis-Pagina-9-225x300.jpg 225w, https:\/\/www.archivosfutmex.com\/wordpress\/wp-content\/uploads\/2025\/12\/Diocesis-Pagina-9-1152x1536.jpg 1152w, https:\/\/www.archivosfutmex.com\/wordpress\/wp-content\/uploads\/2025\/12\/Diocesis-Pagina-9-1536x2048.jpg 1536w, https:\/\/www.archivosfutmex.com\/wordpress\/wp-content\/uploads\/2025\/12\/Diocesis-Pagina-9-scaled.jpg 1920w\" sizes=\"auto, (max-width: 768px) 100vw, 768px\" \/><\/a><\/figure>\n","protected":false},"excerpt":{"rendered":"","protected":false},"author":2,"featured_media":0,"comment_status":"closed","ping_status":"closed","sticky":false,"template":"","format":"standard","meta":{"footnotes":""},"categories":[634],"tags":[],"class_list":["post-15797","post","type-post","status-publish","format-standard","hentry","category-arquidiocesis-de-guadalajara-revista-apostol-julio-agosto-2022"],"_links":{"self":[{"href":"https:\/\/www.archivosfutmex.com\/wordpress\/wp-json\/wp\/v2\/posts\/15797","targetHints":{"allow":["GET"]}}],"collection":[{"href":"https:\/\/www.archivosfutmex.com\/wordpress\/wp-json\/wp\/v2\/posts"}],"about":[{"href":"https:\/\/www.archivosfutmex.com\/wordpress\/wp-json\/wp\/v2\/types\/post"}],"author":[{"embeddable":true,"href":"https:\/\/www.archivosfutmex.com\/wordpress\/wp-json\/wp\/v2\/users\/2"}],"replies":[{"embeddable":true,"href":"https:\/\/www.archivosfutmex.com\/wordpress\/wp-json\/wp\/v2\/comments?post=15797"}],"version-history":[{"count":0,"href":"https:\/\/www.archivosfutmex.com\/wordpress\/wp-json\/wp\/v2\/posts\/15797\/revisions"}],"wp:attachment":[{"href":"https:\/\/www.archivosfutmex.com\/wordpress\/wp-json\/wp\/v2\/media?parent=15797"}],"wp:term":[{"taxonomy":"category","embeddable":true,"href":"https:\/\/www.archivosfutmex.com\/wordpress\/wp-json\/wp\/v2\/categories?post=15797"},{"taxonomy":"post_tag","embeddable":true,"href":"https:\/\/www.archivosfutmex.com\/wordpress\/wp-json\/wp\/v2\/tags?post=15797"}],"curies":[{"name":"wp","href":"https:\/\/api.w.org\/{rel}","templated":true}]}}