{"id":15963,"date":"2025-12-07T04:07:37","date_gmt":"2025-12-07T10:07:37","guid":{"rendered":"http:\/\/www.archivosfutmex.com\/wordpress\/?p=15963"},"modified":"2025-12-07T04:07:38","modified_gmt":"2025-12-07T10:07:38","slug":"oracion-colecta-hoy-domingo-7-diciembre-2025","status":"publish","type":"post","link":"https:\/\/www.archivosfutmex.com\/wordpress\/archivos\/15963","title":{"rendered":"ORACI\u00d3N COLECTA Hoy Domingo 7 Diciembre 2025"},"content":{"rendered":"\n<p>Dios Omnipotente y misericordioso , haz que ninguna ocupaci\u00f3n terrena sirva de obst\u00e1culo a quienes van presurosos el encuentro de tu Hijo, antes bien, que el aprendizaje de la sabidur\u00eda celestial, nos lleve a gozar de su presencia . \u00c9l, que vive y reina contigo en la unidad del Esp\u00edritu Santo y es Dios por los siglos de los siglos\u2026.Am\u00e9n..<\/p>\n","protected":false},"excerpt":{"rendered":"<p>Dios Omnipotente y misericordioso , haz que ninguna ocupaci\u00f3n terrena sirva de obst\u00e1culo a quienes van presurosos el encuentro de tu Hijo, antes bien, que el aprendizaje de la sabidur\u00eda celestial, nos lleve a gozar de su presencia . \u00c9l, que vive y reina contigo en la unidad del Esp\u00edritu Santo y es Dios por [&hellip;]<\/p>\n","protected":false},"author":2,"featured_media":0,"comment_status":"closed","ping_status":"closed","sticky":false,"template":"","format":"standard","meta":{"footnotes":""},"categories":[185],"tags":[],"class_list":["post-15963","post","type-post","status-publish","format-standard","hentry","category-oracion-colecta"],"_links":{"self":[{"href":"https:\/\/www.archivosfutmex.com\/wordpress\/wp-json\/wp\/v2\/posts\/15963","targetHints":{"allow":["GET"]}}],"collection":[{"href":"https:\/\/www.archivosfutmex.com\/wordpress\/wp-json\/wp\/v2\/posts"}],"about":[{"href":"https:\/\/www.archivosfutmex.com\/wordpress\/wp-json\/wp\/v2\/types\/post"}],"author":[{"embeddable":true,"href":"https:\/\/www.archivosfutmex.com\/wordpress\/wp-json\/wp\/v2\/users\/2"}],"replies":[{"embeddable":true,"href":"https:\/\/www.archivosfutmex.com\/wordpress\/wp-json\/wp\/v2\/comments?post=15963"}],"version-history":[{"count":0,"href":"https:\/\/www.archivosfutmex.com\/wordpress\/wp-json\/wp\/v2\/posts\/15963\/revisions"}],"wp:attachment":[{"href":"https:\/\/www.archivosfutmex.com\/wordpress\/wp-json\/wp\/v2\/media?parent=15963"}],"wp:term":[{"taxonomy":"category","embeddable":true,"href":"https:\/\/www.archivosfutmex.com\/wordpress\/wp-json\/wp\/v2\/categories?post=15963"},{"taxonomy":"post_tag","embeddable":true,"href":"https:\/\/www.archivosfutmex.com\/wordpress\/wp-json\/wp\/v2\/tags?post=15963"}],"curies":[{"name":"wp","href":"https:\/\/api.w.org\/{rel}","templated":true}]}}