{"id":15969,"date":"2025-12-07T04:26:25","date_gmt":"2025-12-07T10:26:25","guid":{"rendered":"http:\/\/www.archivosfutmex.com\/wordpress\/?p=15969"},"modified":"2025-12-07T04:26:26","modified_gmt":"2025-12-07T10:26:26","slug":"el-santo-evangelio-de-hoy-domingo-7-del-evangelio-de-san-mateo-mt-3-1-2","status":"publish","type":"post","link":"https:\/\/www.archivosfutmex.com\/wordpress\/archivos\/15969","title":{"rendered":"El Santo Evangelio de Hoy Domingo 7, Del Evangelio de San Mateo ,Mt 3, 1-2"},"content":{"rendered":"\n<p>En aquel tiempo, comenz\u00f3 Juan el Bautista a predicar en el desierto de Judea, diciendo: \u201cArrepi\u00e9ntanse, porque ya est\u00e1 cerca el Reino de los cielos\u201d. Juan es aquel de quien el profeta Isa\u00edas hablaba, cuando dijo:&nbsp;<em>Una voz clama en el desierto: Preparen el camino del Se\u00f1or, enderecen sus senderos.<\/em><\/p>\n\n\n\n<p>Juan usaba una t\u00fanica de pelo de camello, ce\u00f1ida con un cintur\u00f3n de cuero, y se alimentaba de saltamontes y de miel silvestre. Acud\u00edan a o\u00edrlo los habitantes de Jerusal\u00e9n, de toda Judea y de toda la regi\u00f3n cercana al Jord\u00e1n; confesaban sus pecados y \u00e9l los bautizaba en el r\u00edo.<\/p>\n\n\n\n<p>Al ver que muchos fariseos y saduceos iban a que los bautizara, les dijo: \u201cRaza de v\u00edboras, \u00bfqui\u00e9n les ha dicho que podr\u00e1n escapar al castigo que les aguarda? Hagan ver con obras su conversi\u00f3n y no se hagan ilusiones pensando que tienen por padre a Abraham, porque yo les aseguro que hasta de estas piedras puede Dios sacar hijos de Abraham. Ya el hacha est\u00e1 puesta a la ra\u00edz de los \u00e1rboles, y todo \u00e1rbol que no d\u00e9 fruto, ser\u00e1 cortado y arrojado al fuego.<\/p>\n\n\n\n<p>Yo los bautizo con agua, en se\u00f1al de que ustedes se han arrepentido; pero el que viene despu\u00e9s de m\u00ed, es m\u00e1s fuerte que yo, y yo ni siquiera soy digno de quitarle las sandalias. \u00c9l los bautizar\u00e1 en el Esp\u00edritu Santo y su fuego. \u00c9l tiene el bieldo en su mano para separar el trigo de la paja. Guardar\u00e1 el trigo en su granero y quemar\u00e1 la paja en un fuego que no se extingue\u201d.<\/p>\n","protected":false},"excerpt":{"rendered":"<p>En aquel tiempo, comenz\u00f3 Juan el Bautista a predicar en el desierto de Judea, diciendo: \u201cArrepi\u00e9ntanse, porque ya est\u00e1 cerca el Reino de los cielos\u201d. Juan es aquel de quien el profeta Isa\u00edas hablaba, cuando dijo:&nbsp;Una voz clama en el desierto: Preparen el camino del Se\u00f1or, enderecen sus senderos. Juan usaba una t\u00fanica de pelo [&hellip;]<\/p>\n","protected":false},"author":2,"featured_media":0,"comment_status":"closed","ping_status":"closed","sticky":false,"template":"","format":"standard","meta":{"footnotes":""},"categories":[165],"tags":[],"class_list":["post-15969","post","type-post","status-publish","format-standard","hentry","category-evangelio-de-hoy"],"_links":{"self":[{"href":"https:\/\/www.archivosfutmex.com\/wordpress\/wp-json\/wp\/v2\/posts\/15969","targetHints":{"allow":["GET"]}}],"collection":[{"href":"https:\/\/www.archivosfutmex.com\/wordpress\/wp-json\/wp\/v2\/posts"}],"about":[{"href":"https:\/\/www.archivosfutmex.com\/wordpress\/wp-json\/wp\/v2\/types\/post"}],"author":[{"embeddable":true,"href":"https:\/\/www.archivosfutmex.com\/wordpress\/wp-json\/wp\/v2\/users\/2"}],"replies":[{"embeddable":true,"href":"https:\/\/www.archivosfutmex.com\/wordpress\/wp-json\/wp\/v2\/comments?post=15969"}],"version-history":[{"count":0,"href":"https:\/\/www.archivosfutmex.com\/wordpress\/wp-json\/wp\/v2\/posts\/15969\/revisions"}],"wp:attachment":[{"href":"https:\/\/www.archivosfutmex.com\/wordpress\/wp-json\/wp\/v2\/media?parent=15969"}],"wp:term":[{"taxonomy":"category","embeddable":true,"href":"https:\/\/www.archivosfutmex.com\/wordpress\/wp-json\/wp\/v2\/categories?post=15969"},{"taxonomy":"post_tag","embeddable":true,"href":"https:\/\/www.archivosfutmex.com\/wordpress\/wp-json\/wp\/v2\/tags?post=15969"}],"curies":[{"name":"wp","href":"https:\/\/api.w.org\/{rel}","templated":true}]}}