{"id":15971,"date":"2025-12-07T04:29:31","date_gmt":"2025-12-07T10:29:31","guid":{"rendered":"http:\/\/www.archivosfutmex.com\/wordpress\/?p=15971"},"modified":"2025-12-07T04:29:32","modified_gmt":"2025-12-07T10:29:32","slug":"palabra-de-los-papas","status":"publish","type":"post","link":"https:\/\/www.archivosfutmex.com\/wordpress\/archivos\/15971","title":{"rendered":"Palabra de los Papas"},"content":{"rendered":"\n<h1 class=\"wp-block-heading\">Hoy, segundo domingo de Adviento, el Evangelio de la Liturgia nos presenta la figura de Juan el Bautista. El texto dice que \u00abllevaba un vestido de pelos de camello\u00bb, que \u00absu comida eran langostas y miel silvestre\u00bb (Mt\u00a03,4) y que invitaba a todos a la conversi\u00f3n: \u00abConvert\u00edos, porque el Reino de los Cielos est\u00e1 cerca\u00bb (v. 2). Predicaba la cercan\u00eda del Reino. En suma, un hombre austero y radical, que a primera vista puede parecernos un poco duro y que infunde cierto temor. (\u2026) En realidad, el Bautista, m\u00e1s que un hombre duro es un hombre\u00a0al\u00e9rgico a la falsedad. Por ejemplo, cuando se acercaron a \u00e9l los fariseos y los saduceos, conocidos por su hipocres\u00eda, su \u201creacci\u00f3n al\u00e9rgica\u201d fue muy fuerte. Algunos de ellos, de hecho, probablemente iban a \u00e9l por curiosidad o por oportunismo, porque Juan se hab\u00eda vuelto muy popular.\u00a0(\u2026) Por ello, Juan les dice: \u00abDad, pues, digno fruto de conversi\u00f3n\u00bb (v. 8). Es un grito de amor, como el de un padre que ve a su hijo arruinarse y le dice: \u201c\u00a1No desperdicies tu vida!\u201d De hecho, queridos hermanos y hermanas, la hipocres\u00eda es el peligro m\u00e1s grave, porque puede arruinar tambi\u00e9n las realidades m\u00e1s sagradas. (\u2026)\u00a0\u00a0 Juan, con sus \u201creacciones al\u00e9rgicas\u201d, nos hace reflexionar. \u00bfNo somos tambi\u00e9n nosotros, a veces, un poco como aquellos fariseos?\u00a0 El Adviento es un tiempo de gracia para quitarnos nuestras m\u00e1scaras \u2014cada uno de nosotros tiene una\u2014 y ponernos a la fila con los humildes; para liberarnos de la presunci\u00f3n de creernos autosuficientes, para ir a confesar nuestros pecados, esos escondidos, y acoger el perd\u00f3n de Dios, para pedir perd\u00f3n a quien hemos ofendido. As\u00ed comienza una nueva vida. (Papa Francisco &#8211; \u00c1ngelus, 4 de diciembre de 2022)<\/h1>\n","protected":false},"excerpt":{"rendered":"<p>Hoy, segundo domingo de Adviento, el Evangelio de la Liturgia nos presenta la figura de Juan el Bautista. El texto dice que \u00abllevaba un vestido de pelos de camello\u00bb, que \u00absu comida eran langostas y miel silvestre\u00bb (Mt\u00a03,4) y que invitaba a todos a la conversi\u00f3n: \u00abConvert\u00edos, porque el Reino de los Cielos est\u00e1 cerca\u00bb [&hellip;]<\/p>\n","protected":false},"author":2,"featured_media":0,"comment_status":"closed","ping_status":"closed","sticky":false,"template":"","format":"standard","meta":{"footnotes":""},"categories":[229],"tags":[],"class_list":["post-15971","post","type-post","status-publish","format-standard","hentry","category-palabras-del-santo-padre"],"_links":{"self":[{"href":"https:\/\/www.archivosfutmex.com\/wordpress\/wp-json\/wp\/v2\/posts\/15971","targetHints":{"allow":["GET"]}}],"collection":[{"href":"https:\/\/www.archivosfutmex.com\/wordpress\/wp-json\/wp\/v2\/posts"}],"about":[{"href":"https:\/\/www.archivosfutmex.com\/wordpress\/wp-json\/wp\/v2\/types\/post"}],"author":[{"embeddable":true,"href":"https:\/\/www.archivosfutmex.com\/wordpress\/wp-json\/wp\/v2\/users\/2"}],"replies":[{"embeddable":true,"href":"https:\/\/www.archivosfutmex.com\/wordpress\/wp-json\/wp\/v2\/comments?post=15971"}],"version-history":[{"count":0,"href":"https:\/\/www.archivosfutmex.com\/wordpress\/wp-json\/wp\/v2\/posts\/15971\/revisions"}],"wp:attachment":[{"href":"https:\/\/www.archivosfutmex.com\/wordpress\/wp-json\/wp\/v2\/media?parent=15971"}],"wp:term":[{"taxonomy":"category","embeddable":true,"href":"https:\/\/www.archivosfutmex.com\/wordpress\/wp-json\/wp\/v2\/categories?post=15971"},{"taxonomy":"post_tag","embeddable":true,"href":"https:\/\/www.archivosfutmex.com\/wordpress\/wp-json\/wp\/v2\/tags?post=15971"}],"curies":[{"name":"wp","href":"https:\/\/api.w.org\/{rel}","templated":true}]}}