{"id":16025,"date":"2025-12-08T09:29:18","date_gmt":"2025-12-08T15:29:18","guid":{"rendered":"https:\/\/www.archivosfutmex.com\/wordpress\/?p=16025"},"modified":"2025-12-08T09:29:19","modified_gmt":"2025-12-08T15:29:19","slug":"oracion-colecta-hoy-lunes-9-de-diciembre-2025","status":"publish","type":"post","link":"https:\/\/www.archivosfutmex.com\/wordpress\/archivos\/16025","title":{"rendered":"ORACI\u00d3N COLECTA Hoy Lunes 9 de Diciembre 2025"},"content":{"rendered":"\n<p>Dios Nuestro, que por la Inmaculada Concepci\u00f3n de la Virgen Mar\u00eda preparaste una Digna morada para tu Hijo y, en previsi\u00f3n de la Muerte redentora de Cristo, la preservaste de toda mancha de Pecado, Conc\u00e9denos que, por su intercesi\u00f3n, nosotros tambi\u00e9n, purificados de todas nuestras culpas, lleguemos hasta ti. Por nuestro Se\u00f1or Jesucristo, tu Hijo, que vive y reina Contigo en la unidad del Esp\u00edritu Santo y es Dios por los siglos de los siglos. Am\u00e9n<\/p>\n","protected":false},"excerpt":{"rendered":"<p>Dios Nuestro, que por la Inmaculada Concepci\u00f3n de la Virgen Mar\u00eda preparaste una Digna morada para tu Hijo y, en previsi\u00f3n de la Muerte redentora de Cristo, la preservaste de toda mancha de Pecado, Conc\u00e9denos que, por su intercesi\u00f3n, nosotros tambi\u00e9n, purificados de todas nuestras culpas, lleguemos hasta ti. Por nuestro Se\u00f1or Jesucristo, tu Hijo, [&hellip;]<\/p>\n","protected":false},"author":2,"featured_media":0,"comment_status":"closed","ping_status":"closed","sticky":false,"template":"","format":"standard","meta":{"footnotes":""},"categories":[185],"tags":[],"class_list":["post-16025","post","type-post","status-publish","format-standard","hentry","category-oracion-colecta"],"_links":{"self":[{"href":"https:\/\/www.archivosfutmex.com\/wordpress\/wp-json\/wp\/v2\/posts\/16025","targetHints":{"allow":["GET"]}}],"collection":[{"href":"https:\/\/www.archivosfutmex.com\/wordpress\/wp-json\/wp\/v2\/posts"}],"about":[{"href":"https:\/\/www.archivosfutmex.com\/wordpress\/wp-json\/wp\/v2\/types\/post"}],"author":[{"embeddable":true,"href":"https:\/\/www.archivosfutmex.com\/wordpress\/wp-json\/wp\/v2\/users\/2"}],"replies":[{"embeddable":true,"href":"https:\/\/www.archivosfutmex.com\/wordpress\/wp-json\/wp\/v2\/comments?post=16025"}],"version-history":[{"count":0,"href":"https:\/\/www.archivosfutmex.com\/wordpress\/wp-json\/wp\/v2\/posts\/16025\/revisions"}],"wp:attachment":[{"href":"https:\/\/www.archivosfutmex.com\/wordpress\/wp-json\/wp\/v2\/media?parent=16025"}],"wp:term":[{"taxonomy":"category","embeddable":true,"href":"https:\/\/www.archivosfutmex.com\/wordpress\/wp-json\/wp\/v2\/categories?post=16025"},{"taxonomy":"post_tag","embeddable":true,"href":"https:\/\/www.archivosfutmex.com\/wordpress\/wp-json\/wp\/v2\/tags?post=16025"}],"curies":[{"name":"wp","href":"https:\/\/api.w.org\/{rel}","templated":true}]}}