{"id":16031,"date":"2025-12-08T09:40:19","date_gmt":"2025-12-08T15:40:19","guid":{"rendered":"https:\/\/www.archivosfutmex.com\/wordpress\/?p=16031"},"modified":"2025-12-08T09:40:20","modified_gmt":"2025-12-08T15:40:20","slug":"palabras-de-los-papas-67","status":"publish","type":"post","link":"https:\/\/www.archivosfutmex.com\/wordpress\/archivos\/16031","title":{"rendered":"PALABRAS DE LOS PAPAS"},"content":{"rendered":"\n<p>\u00abPara Dios nada hay imposible&#8230;\u00bb (Lc\u00a01, 37). S\u00f3lo con la omnipotencia que ama, s\u00f3lo con la inescrutable potencia del amor de Dios se puede explicar el hecho de que la Virgen \u2014hija de padres humanos y de generaciones humanas\u2014 se convierta en la Madre de Dios. Y, sin embargo, este hecho era incomprensible\u00a0para Ella misma:\u00a0\u00ab\u00bfC\u00f3mo ser\u00e1 eso, pues no conozco var\u00f3n?\u00bb\u00a0(Lc\u00a01, 34). Pero \u00a1\u00bbpara Dios nada hay imposible\u00bb! Puesto que la omnipotencia del Eterno Padre y la infinita potencia de amor que act\u00faa con la fuerza del Esp\u00edritu Santo hacen que el Hijo de Dios se convierta en hombre en el seno de la Virgen de Nazaret, entonces la misma potencia\u00a0en previsi\u00f3n de los m\u00e9ritos del Redentor,\u00a0preserva a su Madre de la herencia del pecado original. \u00ab\u00a1Para Dios nada hay, imposible\u201d! Escuchando la Palabra de Dios vivo, la cual nos habla\u00a0desde lo profundo\u00a0del primer adviento, salgamos al encuentro de todo lo que el tiempo del hombre y del mundo nos puede traer. Caminemos, unidos, a la Mujer por excelencia, Mar\u00eda. (Juan Pablo II, Homil\u00eda del 8 de diciembre de 1981)<\/p>\n","protected":false},"excerpt":{"rendered":"<p>\u00abPara Dios nada hay imposible&#8230;\u00bb (Lc\u00a01, 37). S\u00f3lo con la omnipotencia que ama, s\u00f3lo con la inescrutable potencia del amor de Dios se puede explicar el hecho de que la Virgen \u2014hija de padres humanos y de generaciones humanas\u2014 se convierta en la Madre de Dios. Y, sin embargo, este hecho era incomprensible\u00a0para Ella misma:\u00a0\u00ab\u00bfC\u00f3mo [&hellip;]<\/p>\n","protected":false},"author":2,"featured_media":0,"comment_status":"closed","ping_status":"closed","sticky":false,"template":"","format":"standard","meta":{"footnotes":""},"categories":[229],"tags":[],"class_list":["post-16031","post","type-post","status-publish","format-standard","hentry","category-palabras-del-santo-padre"],"_links":{"self":[{"href":"https:\/\/www.archivosfutmex.com\/wordpress\/wp-json\/wp\/v2\/posts\/16031","targetHints":{"allow":["GET"]}}],"collection":[{"href":"https:\/\/www.archivosfutmex.com\/wordpress\/wp-json\/wp\/v2\/posts"}],"about":[{"href":"https:\/\/www.archivosfutmex.com\/wordpress\/wp-json\/wp\/v2\/types\/post"}],"author":[{"embeddable":true,"href":"https:\/\/www.archivosfutmex.com\/wordpress\/wp-json\/wp\/v2\/users\/2"}],"replies":[{"embeddable":true,"href":"https:\/\/www.archivosfutmex.com\/wordpress\/wp-json\/wp\/v2\/comments?post=16031"}],"version-history":[{"count":0,"href":"https:\/\/www.archivosfutmex.com\/wordpress\/wp-json\/wp\/v2\/posts\/16031\/revisions"}],"wp:attachment":[{"href":"https:\/\/www.archivosfutmex.com\/wordpress\/wp-json\/wp\/v2\/media?parent=16031"}],"wp:term":[{"taxonomy":"category","embeddable":true,"href":"https:\/\/www.archivosfutmex.com\/wordpress\/wp-json\/wp\/v2\/categories?post=16031"},{"taxonomy":"post_tag","embeddable":true,"href":"https:\/\/www.archivosfutmex.com\/wordpress\/wp-json\/wp\/v2\/tags?post=16031"}],"curies":[{"name":"wp","href":"https:\/\/api.w.org\/{rel}","templated":true}]}}