{"id":16794,"date":"2025-12-30T16:05:09","date_gmt":"2025-12-30T22:05:09","guid":{"rendered":"https:\/\/www.archivosfutmex.com\/wordpress\/?p=16794"},"modified":"2025-12-30T16:05:09","modified_gmt":"2025-12-30T22:05:09","slug":"el-santo-evangelio-de-hoy-martes-30-del-evangelio-segun-san-lucas-lc-2-36-40","status":"publish","type":"post","link":"https:\/\/www.archivosfutmex.com\/wordpress\/archivos\/16794","title":{"rendered":"El Santo Evangelio de Hoy Martes 30, Del Evangelio seg\u00fan San Lucas Lc, 2, 36-40"},"content":{"rendered":"\n<p>En aquel tiempo, hab\u00eda una profetisa, Ana, hija de Fanuel, de la tribu de Aser. Era una mujer muy anciana. De joven, hab\u00eda vivido siete a\u00f1os casada y ten\u00eda ya ochenta y cuatro a\u00f1os de edad. No se apartaba del templo ni de d\u00eda ni de noche, sirviendo a Dios con ayunos y oraciones. (Cuando Jos\u00e9 y Mar\u00eda entraban en el templo para la presentaci\u00f3n del ni\u00f1o,) se acerc\u00f3 Ana, dando gracias a Dios y hablando del ni\u00f1o a todos los que aguardaban la liberaci\u00f3n de Israel.<\/p>\n\n\n\n<p>Una vez que Jos\u00e9 y Mar\u00eda cumplieron todo lo que prescrib\u00eda la ley del Se\u00f1or, se volvieron a Galilea, a su ciudad de Nazaret. El ni\u00f1o iba creciendo y fortaleci\u00e9ndose, se llenaba de sabidur\u00eda y la gracia de Dios estaba con \u00e9l.<\/p>\n","protected":false},"excerpt":{"rendered":"<p>En aquel tiempo, hab\u00eda una profetisa, Ana, hija de Fanuel, de la tribu de Aser. Era una mujer muy anciana. De joven, hab\u00eda vivido siete a\u00f1os casada y ten\u00eda ya ochenta y cuatro a\u00f1os de edad. No se apartaba del templo ni de d\u00eda ni de noche, sirviendo a Dios con ayunos y oraciones. (Cuando [&hellip;]<\/p>\n","protected":false},"author":2,"featured_media":0,"comment_status":"closed","ping_status":"closed","sticky":false,"template":"","format":"standard","meta":{"footnotes":""},"categories":[165],"tags":[],"class_list":["post-16794","post","type-post","status-publish","format-standard","hentry","category-evangelio-de-hoy"],"_links":{"self":[{"href":"https:\/\/www.archivosfutmex.com\/wordpress\/wp-json\/wp\/v2\/posts\/16794","targetHints":{"allow":["GET"]}}],"collection":[{"href":"https:\/\/www.archivosfutmex.com\/wordpress\/wp-json\/wp\/v2\/posts"}],"about":[{"href":"https:\/\/www.archivosfutmex.com\/wordpress\/wp-json\/wp\/v2\/types\/post"}],"author":[{"embeddable":true,"href":"https:\/\/www.archivosfutmex.com\/wordpress\/wp-json\/wp\/v2\/users\/2"}],"replies":[{"embeddable":true,"href":"https:\/\/www.archivosfutmex.com\/wordpress\/wp-json\/wp\/v2\/comments?post=16794"}],"version-history":[{"count":0,"href":"https:\/\/www.archivosfutmex.com\/wordpress\/wp-json\/wp\/v2\/posts\/16794\/revisions"}],"wp:attachment":[{"href":"https:\/\/www.archivosfutmex.com\/wordpress\/wp-json\/wp\/v2\/media?parent=16794"}],"wp:term":[{"taxonomy":"category","embeddable":true,"href":"https:\/\/www.archivosfutmex.com\/wordpress\/wp-json\/wp\/v2\/categories?post=16794"},{"taxonomy":"post_tag","embeddable":true,"href":"https:\/\/www.archivosfutmex.com\/wordpress\/wp-json\/wp\/v2\/tags?post=16794"}],"curies":[{"name":"wp","href":"https:\/\/api.w.org\/{rel}","templated":true}]}}