{"id":17631,"date":"2026-01-16T07:03:15","date_gmt":"2026-01-16T13:03:15","guid":{"rendered":"http:\/\/www.archivosfutmex.com\/wordpress\/?p=17631"},"modified":"2026-01-16T07:03:21","modified_gmt":"2026-01-16T13:03:21","slug":"palabras-de-los-papas-80","status":"publish","type":"post","link":"https:\/\/www.archivosfutmex.com\/wordpress\/archivos\/17631","title":{"rendered":"PALABRAS DE LOS PAPAS"},"content":{"rendered":"\n<p>\u00a1Qu\u00e9 maravilloso ejemplo de sanaci\u00f3n! La acci\u00f3n de Cristo es una respuesta directa a la fe de esas personas, a la esperanza que depositan en \u00c9l, al amor que demuestran tener los unos por los otros. Y por tanto Jes\u00fas sana, pero no sana simplemente la par\u00e1lisis, sana todo, perdona los pecados, renueva la vida del paral\u00edtico y de sus amigos. Hace nacer de nuevo, digamos as\u00ed. Una sanaci\u00f3n f\u00edsica y espiritual, todo junto, fruto de un encuentro personal y social. Imaginamos c\u00f3mo esta amistad, y la fe de todos los presentes en esa casa, hayan crecido gracias al gesto de Jes\u00fas. \u00a1El encuentro sanador con Jes\u00fas! Y entonces nos preguntamos: \u00bfde qu\u00e9 modo podemos ayudar a sanar nuestro mundo, hoy? Como disc\u00edpulos del Se\u00f1or Jes\u00fas, que es m\u00e9dico de las almas y de los cuerpos, estamos llamados a continuar \u00absu obra de curaci\u00f3n y de salvaci\u00f3n\u00bb (<a href=\"http:\/\/www.vatican.va\/archive\/catechism_sp\/p2s2c2_sp.html\">CIC<\/a>, 1421) en sentido f\u00edsico, social y espiritual. (Francisco &#8211; Audiencia general, 5 de agosto de 2020)<\/p>\n","protected":false},"excerpt":{"rendered":"<p>\u00a1Qu\u00e9 maravilloso ejemplo de sanaci\u00f3n! La acci\u00f3n de Cristo es una respuesta directa a la fe de esas personas, a la esperanza que depositan en \u00c9l, al amor que demuestran tener los unos por los otros. Y por tanto Jes\u00fas sana, pero no sana simplemente la par\u00e1lisis, sana todo, perdona los pecados, renueva la vida [&hellip;]<\/p>\n","protected":false},"author":2,"featured_media":0,"comment_status":"closed","ping_status":"closed","sticky":false,"template":"","format":"standard","meta":{"footnotes":""},"categories":[1],"tags":[],"class_list":["post-17631","post","type-post","status-publish","format-standard","hentry","category-todo-de-todo-futbol"],"_links":{"self":[{"href":"https:\/\/www.archivosfutmex.com\/wordpress\/wp-json\/wp\/v2\/posts\/17631","targetHints":{"allow":["GET"]}}],"collection":[{"href":"https:\/\/www.archivosfutmex.com\/wordpress\/wp-json\/wp\/v2\/posts"}],"about":[{"href":"https:\/\/www.archivosfutmex.com\/wordpress\/wp-json\/wp\/v2\/types\/post"}],"author":[{"embeddable":true,"href":"https:\/\/www.archivosfutmex.com\/wordpress\/wp-json\/wp\/v2\/users\/2"}],"replies":[{"embeddable":true,"href":"https:\/\/www.archivosfutmex.com\/wordpress\/wp-json\/wp\/v2\/comments?post=17631"}],"version-history":[{"count":0,"href":"https:\/\/www.archivosfutmex.com\/wordpress\/wp-json\/wp\/v2\/posts\/17631\/revisions"}],"wp:attachment":[{"href":"https:\/\/www.archivosfutmex.com\/wordpress\/wp-json\/wp\/v2\/media?parent=17631"}],"wp:term":[{"taxonomy":"category","embeddable":true,"href":"https:\/\/www.archivosfutmex.com\/wordpress\/wp-json\/wp\/v2\/categories?post=17631"},{"taxonomy":"post_tag","embeddable":true,"href":"https:\/\/www.archivosfutmex.com\/wordpress\/wp-json\/wp\/v2\/tags?post=17631"}],"curies":[{"name":"wp","href":"https:\/\/api.w.org\/{rel}","templated":true}]}}