{"id":17790,"date":"2026-01-18T06:06:20","date_gmt":"2026-01-18T12:06:20","guid":{"rendered":"http:\/\/www.archivosfutmex.com\/wordpress\/?p=17790"},"modified":"2026-01-18T06:06:24","modified_gmt":"2026-01-18T12:06:24","slug":"lectura-de-hoy-domingo-18-de-enero-2026-del-libro-de-isaias-is-49-3-5-6","status":"publish","type":"post","link":"https:\/\/www.archivosfutmex.com\/wordpress\/archivos\/17790","title":{"rendered":"Lectura de Hoy Domingo 18 de Enero 2026 , Del Libro de Isa\u00edas , Is. 49. 3. 5-6"},"content":{"rendered":"\n<p>Lectura del libro de Isa\u00edas<\/p>\n\n\n\n<p>Isa\u03afas 49, 3. 5-6<\/p>\n\n\n\n<p>El Se\u00f1or me dijo:<br>\u201cT\u00fa eres mi siervo, Israel;<br>en ti manifestar\u00e9 mi gloria\u201d.<br><br>Ahora habla el Se\u00f1or,<br>el que me form\u00f3 desde el seno materno,<br>para que fuera su servidor,<br>para hacer que Jacob volviera a \u00e9l<br>y congregar a Israel en torno suyo<br>\u2013tanto as\u00ed me honr\u00f3 el Se\u00f1or<br>y mi Dios fue mi fuerza\u2013.<br>Ahora, pues, dice el Se\u00f1or:<br>\u201cEs poco que seas mi siervo<br>s\u00f3lo para restablecer a las tribus de Jacob<br>y reunir a los sobrevivientes de Israel;<br>te voy a convertir en luz de las naciones,<br>para que mi salvaci\u00f3n llegue<br>hasta los \u00faltimos rincones de la tierra\u201d.<\/p>\n","protected":false},"excerpt":{"rendered":"<p>Lectura del libro de Isa\u00edas Isa\u03afas 49, 3. 5-6 El Se\u00f1or me dijo:\u201cT\u00fa eres mi siervo, Israel;en ti manifestar\u00e9 mi gloria\u201d. Ahora habla el Se\u00f1or,el que me form\u00f3 desde el seno materno,para que fuera su servidor,para hacer que Jacob volviera a \u00e9ly congregar a Israel en torno suyo\u2013tanto as\u00ed me honr\u00f3 el Se\u00f1ory mi Dios [&hellip;]<\/p>\n","protected":false},"author":2,"featured_media":0,"comment_status":"closed","ping_status":"closed","sticky":false,"template":"","format":"standard","meta":{"footnotes":""},"categories":[205],"tags":[],"class_list":["post-17790","post","type-post","status-publish","format-standard","hentry","category-primera-lectura"],"_links":{"self":[{"href":"https:\/\/www.archivosfutmex.com\/wordpress\/wp-json\/wp\/v2\/posts\/17790","targetHints":{"allow":["GET"]}}],"collection":[{"href":"https:\/\/www.archivosfutmex.com\/wordpress\/wp-json\/wp\/v2\/posts"}],"about":[{"href":"https:\/\/www.archivosfutmex.com\/wordpress\/wp-json\/wp\/v2\/types\/post"}],"author":[{"embeddable":true,"href":"https:\/\/www.archivosfutmex.com\/wordpress\/wp-json\/wp\/v2\/users\/2"}],"replies":[{"embeddable":true,"href":"https:\/\/www.archivosfutmex.com\/wordpress\/wp-json\/wp\/v2\/comments?post=17790"}],"version-history":[{"count":0,"href":"https:\/\/www.archivosfutmex.com\/wordpress\/wp-json\/wp\/v2\/posts\/17790\/revisions"}],"wp:attachment":[{"href":"https:\/\/www.archivosfutmex.com\/wordpress\/wp-json\/wp\/v2\/media?parent=17790"}],"wp:term":[{"taxonomy":"category","embeddable":true,"href":"https:\/\/www.archivosfutmex.com\/wordpress\/wp-json\/wp\/v2\/categories?post=17790"},{"taxonomy":"post_tag","embeddable":true,"href":"https:\/\/www.archivosfutmex.com\/wordpress\/wp-json\/wp\/v2\/tags?post=17790"}],"curies":[{"name":"wp","href":"https:\/\/api.w.org\/{rel}","templated":true}]}}