{"id":17792,"date":"2026-01-18T06:09:56","date_gmt":"2026-01-18T12:09:56","guid":{"rendered":"http:\/\/www.archivosfutmex.com\/wordpress\/?p=17792"},"modified":"2026-01-18T06:10:04","modified_gmt":"2026-01-18T12:10:04","slug":"segunda-lectura-de-la-carta-del-apostol-san-pablo-a-los-corintios-jn-1-29-34","status":"publish","type":"post","link":"https:\/\/www.archivosfutmex.com\/wordpress\/archivos\/17792","title":{"rendered":"Segunda Lectura , De la Carta del Ap\u00f3stol San Pablo a los Corintios . Jn. 1. 29-34"},"content":{"rendered":"\n<p>Juan 1, 29-34<\/p>\n\n\n\n<p>En aquel tiempo, vio Juan el Bautista a Jes\u00fas, que ven\u00eda hacia \u00e9l, y exclam\u00f3: \u201c\u00c9ste es el Cordero de Dios, el que quita el pecado del mundo. \u00c9ste es aquel de quien yo he dicho: \u2018El que viene despu\u00e9s de m\u00ed, tiene precedencia sobre m\u00ed, porque ya exist\u00eda antes que yo\u2019. Yo no lo conoc\u00eda, pero he venido a bautizar con agua, para que \u00e9l sea dado a conocer a Israel\u201d.<br><br>Entonces Juan dio este testimonio: \u201cVi al Esp\u00edritu descender del cielo en forma de paloma y posarse sobre \u00e9l. Yo no lo conoc\u00eda, pero el que me envi\u00f3 a bautizar con agua me dijo: \u2018Aquel sobre quien veas que baja y se posa el Esp\u00edritu Santo, \u00e9se es el que ha de bautizar con el Esp\u00edritu Santo\u2019. Pues bien, yo lo vi y doy testimonio de que \u00e9ste es el Hijo de Dios\u201d.<\/p>\n","protected":false},"excerpt":{"rendered":"<p>Juan 1, 29-34 En aquel tiempo, vio Juan el Bautista a Jes\u00fas, que ven\u00eda hacia \u00e9l, y exclam\u00f3: \u201c\u00c9ste es el Cordero de Dios, el que quita el pecado del mundo. \u00c9ste es aquel de quien yo he dicho: \u2018El que viene despu\u00e9s de m\u00ed, tiene precedencia sobre m\u00ed, porque ya exist\u00eda antes que yo\u2019. [&hellip;]<\/p>\n","protected":false},"author":2,"featured_media":0,"comment_status":"closed","ping_status":"closed","sticky":false,"template":"","format":"standard","meta":{"footnotes":""},"categories":[237],"tags":[],"class_list":["post-17792","post","type-post","status-publish","format-standard","hentry","category-segunda-lectura"],"_links":{"self":[{"href":"https:\/\/www.archivosfutmex.com\/wordpress\/wp-json\/wp\/v2\/posts\/17792","targetHints":{"allow":["GET"]}}],"collection":[{"href":"https:\/\/www.archivosfutmex.com\/wordpress\/wp-json\/wp\/v2\/posts"}],"about":[{"href":"https:\/\/www.archivosfutmex.com\/wordpress\/wp-json\/wp\/v2\/types\/post"}],"author":[{"embeddable":true,"href":"https:\/\/www.archivosfutmex.com\/wordpress\/wp-json\/wp\/v2\/users\/2"}],"replies":[{"embeddable":true,"href":"https:\/\/www.archivosfutmex.com\/wordpress\/wp-json\/wp\/v2\/comments?post=17792"}],"version-history":[{"count":0,"href":"https:\/\/www.archivosfutmex.com\/wordpress\/wp-json\/wp\/v2\/posts\/17792\/revisions"}],"wp:attachment":[{"href":"https:\/\/www.archivosfutmex.com\/wordpress\/wp-json\/wp\/v2\/media?parent=17792"}],"wp:term":[{"taxonomy":"category","embeddable":true,"href":"https:\/\/www.archivosfutmex.com\/wordpress\/wp-json\/wp\/v2\/categories?post=17792"},{"taxonomy":"post_tag","embeddable":true,"href":"https:\/\/www.archivosfutmex.com\/wordpress\/wp-json\/wp\/v2\/tags?post=17792"}],"curies":[{"name":"wp","href":"https:\/\/api.w.org\/{rel}","templated":true}]}}