{"id":17850,"date":"2026-01-19T01:01:41","date_gmt":"2026-01-19T07:01:41","guid":{"rendered":"http:\/\/www.archivosfutmex.com\/wordpress\/?p=17850"},"modified":"2026-01-19T01:01:48","modified_gmt":"2026-01-19T07:01:48","slug":"oracion-colecta-hoy-lunes-19-enero-2026","status":"publish","type":"post","link":"https:\/\/www.archivosfutmex.com\/wordpress\/archivos\/17850","title":{"rendered":"ORACI\u00d3N COLECTA Hoy Lunes 19 Enero 2026"},"content":{"rendered":"\n<p>Dios todopoderoso y eterno , que re\u00fanes a los que est\u00e1n dispersos y los mantienes en la unidad , mira benignamente la grey de tu Hijo , para que, a cu\u00e1ntos est\u00e1n consagrados por el \u00fanico bautismo, tambi\u00e9n los una integridad de la fe y los asocie el v\u00ednculo de la caridad. Por nuestro Se\u00f1or Jesucristo\u2026.Am\u00e9n<\/p>\n","protected":false},"excerpt":{"rendered":"<p>Dios todopoderoso y eterno , que re\u00fanes a los que est\u00e1n dispersos y los mantienes en la unidad , mira benignamente la grey de tu Hijo , para que, a cu\u00e1ntos est\u00e1n consagrados por el \u00fanico bautismo, tambi\u00e9n los una integridad de la fe y los asocie el v\u00ednculo de la caridad. Por nuestro Se\u00f1or [&hellip;]<\/p>\n","protected":false},"author":2,"featured_media":0,"comment_status":"closed","ping_status":"closed","sticky":false,"template":"","format":"standard","meta":{"footnotes":""},"categories":[185],"tags":[],"class_list":["post-17850","post","type-post","status-publish","format-standard","hentry","category-oracion-colecta"],"_links":{"self":[{"href":"https:\/\/www.archivosfutmex.com\/wordpress\/wp-json\/wp\/v2\/posts\/17850","targetHints":{"allow":["GET"]}}],"collection":[{"href":"https:\/\/www.archivosfutmex.com\/wordpress\/wp-json\/wp\/v2\/posts"}],"about":[{"href":"https:\/\/www.archivosfutmex.com\/wordpress\/wp-json\/wp\/v2\/types\/post"}],"author":[{"embeddable":true,"href":"https:\/\/www.archivosfutmex.com\/wordpress\/wp-json\/wp\/v2\/users\/2"}],"replies":[{"embeddable":true,"href":"https:\/\/www.archivosfutmex.com\/wordpress\/wp-json\/wp\/v2\/comments?post=17850"}],"version-history":[{"count":0,"href":"https:\/\/www.archivosfutmex.com\/wordpress\/wp-json\/wp\/v2\/posts\/17850\/revisions"}],"wp:attachment":[{"href":"https:\/\/www.archivosfutmex.com\/wordpress\/wp-json\/wp\/v2\/media?parent=17850"}],"wp:term":[{"taxonomy":"category","embeddable":true,"href":"https:\/\/www.archivosfutmex.com\/wordpress\/wp-json\/wp\/v2\/categories?post=17850"},{"taxonomy":"post_tag","embeddable":true,"href":"https:\/\/www.archivosfutmex.com\/wordpress\/wp-json\/wp\/v2\/tags?post=17850"}],"curies":[{"name":"wp","href":"https:\/\/api.w.org\/{rel}","templated":true}]}}