{"id":17859,"date":"2026-01-19T01:26:18","date_gmt":"2026-01-19T07:26:18","guid":{"rendered":"http:\/\/www.archivosfutmex.com\/wordpress\/?p=17859"},"modified":"2026-01-19T01:26:25","modified_gmt":"2026-01-19T07:26:25","slug":"palabras-de-los-papas-82","status":"publish","type":"post","link":"https:\/\/www.archivosfutmex.com\/wordpress\/archivos\/17859","title":{"rendered":"Palabras de los Papas"},"content":{"rendered":"\n<p>El evangelio de san Marcos, que constituye el hilo conductor (\u2026) de este A\u00f1o lit\u00fargico, ofrece un itinerario catecumenal, que lleva al disc\u00edpulo a reconocer en Jes\u00fas al Hijo de Dios.\u00a0(\u2026) el pasaje de hoy aborda el tema del ayuno: (\u2026) pues narra que, mientras Jes\u00fas se encontraba a la mesa en casa de Lev\u00ed, el publicano, los fariseos y los seguidores de Juan Bautista le preguntaron por qu\u00e9 sus disc\u00edpulos no ayunaban como ellos. Jes\u00fas les respondi\u00f3 que los invitados a la boda no pueden ayunar mientras el novio est\u00e1 con ellos; ya ayunar\u00e1n cuando se lleven al novio (cf.\u00a0Mc\u00a02, 18-20). Al decir esto, Cristo revela su identidad de Mes\u00edas, Novio de Israel, que vino para la boda con su pueblo. Los que lo reconocen y lo acogen con fe est\u00e1n de fiesta. Pero deber\u00e1 ser rechazado y asesinado precisamente por los suyos:\u00a0 en aquel momento, durante su pasi\u00f3n y muerte, llegar\u00e1 la hora del luto y del ayuno. (Benedicto XVI &#8211; Angelus, 26 de febrero de 2006)<\/p>\n","protected":false},"excerpt":{"rendered":"<p>El evangelio de san Marcos, que constituye el hilo conductor (\u2026) de este A\u00f1o lit\u00fargico, ofrece un itinerario catecumenal, que lleva al disc\u00edpulo a reconocer en Jes\u00fas al Hijo de Dios.\u00a0(\u2026) el pasaje de hoy aborda el tema del ayuno: (\u2026) pues narra que, mientras Jes\u00fas se encontraba a la mesa en casa de Lev\u00ed, [&hellip;]<\/p>\n","protected":false},"author":2,"featured_media":0,"comment_status":"closed","ping_status":"closed","sticky":false,"template":"","format":"standard","meta":{"footnotes":""},"categories":[229],"tags":[],"class_list":["post-17859","post","type-post","status-publish","format-standard","hentry","category-palabras-del-santo-padre"],"_links":{"self":[{"href":"https:\/\/www.archivosfutmex.com\/wordpress\/wp-json\/wp\/v2\/posts\/17859","targetHints":{"allow":["GET"]}}],"collection":[{"href":"https:\/\/www.archivosfutmex.com\/wordpress\/wp-json\/wp\/v2\/posts"}],"about":[{"href":"https:\/\/www.archivosfutmex.com\/wordpress\/wp-json\/wp\/v2\/types\/post"}],"author":[{"embeddable":true,"href":"https:\/\/www.archivosfutmex.com\/wordpress\/wp-json\/wp\/v2\/users\/2"}],"replies":[{"embeddable":true,"href":"https:\/\/www.archivosfutmex.com\/wordpress\/wp-json\/wp\/v2\/comments?post=17859"}],"version-history":[{"count":0,"href":"https:\/\/www.archivosfutmex.com\/wordpress\/wp-json\/wp\/v2\/posts\/17859\/revisions"}],"wp:attachment":[{"href":"https:\/\/www.archivosfutmex.com\/wordpress\/wp-json\/wp\/v2\/media?parent=17859"}],"wp:term":[{"taxonomy":"category","embeddable":true,"href":"https:\/\/www.archivosfutmex.com\/wordpress\/wp-json\/wp\/v2\/categories?post=17859"},{"taxonomy":"post_tag","embeddable":true,"href":"https:\/\/www.archivosfutmex.com\/wordpress\/wp-json\/wp\/v2\/tags?post=17859"}],"curies":[{"name":"wp","href":"https:\/\/api.w.org\/{rel}","templated":true}]}}