{"id":17893,"date":"2026-01-20T04:17:15","date_gmt":"2026-01-20T10:17:15","guid":{"rendered":"http:\/\/www.archivosfutmex.com\/wordpress\/?p=17893"},"modified":"2026-01-20T04:17:23","modified_gmt":"2026-01-20T10:17:23","slug":"lectura-de-hoy-martes-20-enero-2026-del-primer-libro-de-samuel-1-samuel-16-1-13","status":"publish","type":"post","link":"https:\/\/www.archivosfutmex.com\/wordpress\/archivos\/17893","title":{"rendered":"Lectura de Hoy Martes 20 Enero 2026 , Del Primer Libro de Samuel , 1 Samuel , 16- 1-13"},"content":{"rendered":"\n<p>En aquellos d\u00edas, dijo el Se\u00f1or a Samuel: \u201c\u00bfHasta cu\u00e1ndo vas a estar triste por Sa\u00fal? Yo ya lo rechac\u00e9 y \u00e9l no reinar\u00e1 m\u00e1s sobre Israel. Ve a la casa de Jes\u00e9, en Bel\u00e9n, porque de entre sus hijos me he escogido un rey. Llena, pues, tu cuerno de aceite para ungirlo y vete\u201d.<\/p>\n\n\n\n<p>Pero Samuel le replic\u00f3: \u201c\u00bfC\u00f3mo voy a ir? Si Sa\u00fal se entera, me matar\u00e1\u201d. El Se\u00f1or le respondi\u00f3: \u201cLleva contigo una ternera y di: \u2018Vengo a ofrecer un sacrificio al Se\u00f1or\u2019. Invita a Jes\u00e9 al sacrificio y yo te indicar\u00e9 lo que has de hacer. Luego ungir\u00e1s al que yo te se\u00f1ale\u201d.<\/p>\n\n\n\n<p>Hizo Samuel lo que el Se\u00f1or le hab\u00eda dicho. Cuando lleg\u00f3 a Bel\u00e9n, los ancianos de la ciudad salieron a recibirlo temerosos y le preguntaron: \u201c\u00bfVienes en son de paz?\u201d Les respondi\u00f3: \u201cS\u00ed. Vengo a ofrecer un sacrificio al Se\u00f1or. Purif\u00edquense y vengan conmigo al sacrificio\u201d. Luego purific\u00f3 a Jes\u00e9 y a sus hijos y los invit\u00f3 tambi\u00e9n al sacrificio.<\/p>\n\n\n\n<p>Cuando se presentaron ante \u00e9l, al ver a Eliab, el hijo mayor de Jes\u00e9, Samuel pens\u00f3: \u201c\u00c9ste es, sin duda, el que voy a ungir como rey\u201d. Pero el Se\u00f1or le dijo: \u201cNo te dejes impresionar por su aspecto ni por su gran estatura, pues yo lo he descartado, porque yo no juzgo como juzga el hombre. El hombre se fija en las apariencias, pero el Se\u00f1or se fija en los corazones\u201d.<\/p>\n\n\n\n<p>Entonces, Jes\u00e9 llam\u00f3 a su hijo Abinadab y lo hizo pasar ante Samuel, el cual le dijo: \u201cTampoco a \u00e9ste lo ha escogido el Se\u00f1or\u201d. Jes\u00e9 hizo pasar a Sam\u00e1, pero Samuel le dijo: \u201cA \u00e9ste tampoco lo ha elegido el Se\u00f1or\u201d. As\u00ed fueron pasando ante Samuel siete de los hijos de Jes\u00e9; pero Samuel dijo: \u201cNinguno de \u00e9stos es el elegido del Se\u00f1or\u201d. Luego le pregunt\u00f3 a Jes\u00e9: \u201c\u00bfSon \u00e9stos todos tus hijos?\u201d \u00c9l respondi\u00f3: \u201cFalta el m\u00e1s peque\u00f1o, que est\u00e1 cuidando el reba\u00f1o\u201d. Samuel le dijo: \u201cHazlo venir, porque no nos sentaremos a comer hasta que llegue\u201d. Y Jes\u00e9 lo mand\u00f3 llamar.<\/p>\n\n\n\n<p>El muchacho era rubio, de ojos vivos y buena presencia. Entonces el Se\u00f1or dijo a Samuel: \u201cLev\u00e1ntate y \u00fangelo, porque \u00e9ste es\u201d. Tom\u00f3 Samuel el cuerno con el aceite y lo ungi\u00f3 delante de sus hermanos. A partir de aquel d\u00eda, el esp\u00edritu del Se\u00f1or estuvo con David. Samuel se despidi\u00f3 y regres\u00f3 a Ram\u00e1.<\/p>\n","protected":false},"excerpt":{"rendered":"<p>En aquellos d\u00edas, dijo el Se\u00f1or a Samuel: \u201c\u00bfHasta cu\u00e1ndo vas a estar triste por Sa\u00fal? Yo ya lo rechac\u00e9 y \u00e9l no reinar\u00e1 m\u00e1s sobre Israel. Ve a la casa de Jes\u00e9, en Bel\u00e9n, porque de entre sus hijos me he escogido un rey. Llena, pues, tu cuerno de aceite para ungirlo y vete\u201d. [&hellip;]<\/p>\n","protected":false},"author":2,"featured_media":0,"comment_status":"closed","ping_status":"closed","sticky":false,"template":"","format":"standard","meta":{"footnotes":""},"categories":[205],"tags":[],"class_list":["post-17893","post","type-post","status-publish","format-standard","hentry","category-primera-lectura"],"_links":{"self":[{"href":"https:\/\/www.archivosfutmex.com\/wordpress\/wp-json\/wp\/v2\/posts\/17893","targetHints":{"allow":["GET"]}}],"collection":[{"href":"https:\/\/www.archivosfutmex.com\/wordpress\/wp-json\/wp\/v2\/posts"}],"about":[{"href":"https:\/\/www.archivosfutmex.com\/wordpress\/wp-json\/wp\/v2\/types\/post"}],"author":[{"embeddable":true,"href":"https:\/\/www.archivosfutmex.com\/wordpress\/wp-json\/wp\/v2\/users\/2"}],"replies":[{"embeddable":true,"href":"https:\/\/www.archivosfutmex.com\/wordpress\/wp-json\/wp\/v2\/comments?post=17893"}],"version-history":[{"count":0,"href":"https:\/\/www.archivosfutmex.com\/wordpress\/wp-json\/wp\/v2\/posts\/17893\/revisions"}],"wp:attachment":[{"href":"https:\/\/www.archivosfutmex.com\/wordpress\/wp-json\/wp\/v2\/media?parent=17893"}],"wp:term":[{"taxonomy":"category","embeddable":true,"href":"https:\/\/www.archivosfutmex.com\/wordpress\/wp-json\/wp\/v2\/categories?post=17893"},{"taxonomy":"post_tag","embeddable":true,"href":"https:\/\/www.archivosfutmex.com\/wordpress\/wp-json\/wp\/v2\/tags?post=17893"}],"curies":[{"name":"wp","href":"https:\/\/api.w.org\/{rel}","templated":true}]}}