{"id":17898,"date":"2026-01-20T04:23:29","date_gmt":"2026-01-20T10:23:29","guid":{"rendered":"http:\/\/www.archivosfutmex.com\/wordpress\/?p=17898"},"modified":"2026-01-20T04:23:40","modified_gmt":"2026-01-20T10:23:40","slug":"palabras-de-los-papas-83","status":"publish","type":"post","link":"https:\/\/www.archivosfutmex.com\/wordpress\/archivos\/17898","title":{"rendered":"PALABRAS DE LOS PAPAS"},"content":{"rendered":"\n<p>Quienes tienen la enfermedad de los fariseos y son cristianos que ponen su fe y su religiosidad, su cristiandad, en muchos mandamientos: \u00a1Ah! Debo hacer esto, debo hacer lo otro. Cristianos de actitudes\u00bb: o sea, que hacen cosas porque se tienen que hacer, pero en realidad \u00abno saben por qu\u00e9 lo hacen\u00bb. Pero \u00ab\u00bfJes\u00fas d\u00f3nde est\u00e1?\u00bb \u00abUn mandamiento es v\u00e1lido si viene de Jes\u00fas\u00bb.&nbsp;(\u2026) \u00bfCu\u00e1l es entonces la regla para ser cristiano con Cristo? \u00bfY cu\u00e1l es el \u00absigno\u00bb de que una persona es un cristiano con Cristo? Se trata de una \u00abregla \u2014aclar\u00f3 el Santo Padre\u2014 muy sencilla: es v\u00e1lido s\u00f3lo lo que te lleva a Jes\u00fas, y s\u00f3lo es v\u00e1lido lo que viene de Jes\u00fas. Jes\u00fas es el centro.&nbsp;(Papa Francisco &#8211; Homil\u00eda Santa Marta, 7 de septiembre de 2013)<\/p>\n\n\n\n<p><a href=\"https:\/\/www.comunicazione.va\/en\/sostienici\/es.html\" target=\"_blank\" rel=\"noreferrer noopener\"><\/a><a href=\"https:\/\/www.comunicazione.va\/en\/sostienici\/es.html\" target=\"_blank\" rel=\"noreferrer noopener\"><\/a><\/p>\n","protected":false},"excerpt":{"rendered":"<p>Quienes tienen la enfermedad de los fariseos y son cristianos que ponen su fe y su religiosidad, su cristiandad, en muchos mandamientos: \u00a1Ah! Debo hacer esto, debo hacer lo otro. Cristianos de actitudes\u00bb: o sea, que hacen cosas porque se tienen que hacer, pero en realidad \u00abno saben por qu\u00e9 lo hacen\u00bb. Pero \u00ab\u00bfJes\u00fas d\u00f3nde [&hellip;]<\/p>\n","protected":false},"author":2,"featured_media":0,"comment_status":"closed","ping_status":"closed","sticky":false,"template":"","format":"standard","meta":{"footnotes":""},"categories":[229],"tags":[],"class_list":["post-17898","post","type-post","status-publish","format-standard","hentry","category-palabras-del-santo-padre"],"_links":{"self":[{"href":"https:\/\/www.archivosfutmex.com\/wordpress\/wp-json\/wp\/v2\/posts\/17898","targetHints":{"allow":["GET"]}}],"collection":[{"href":"https:\/\/www.archivosfutmex.com\/wordpress\/wp-json\/wp\/v2\/posts"}],"about":[{"href":"https:\/\/www.archivosfutmex.com\/wordpress\/wp-json\/wp\/v2\/types\/post"}],"author":[{"embeddable":true,"href":"https:\/\/www.archivosfutmex.com\/wordpress\/wp-json\/wp\/v2\/users\/2"}],"replies":[{"embeddable":true,"href":"https:\/\/www.archivosfutmex.com\/wordpress\/wp-json\/wp\/v2\/comments?post=17898"}],"version-history":[{"count":0,"href":"https:\/\/www.archivosfutmex.com\/wordpress\/wp-json\/wp\/v2\/posts\/17898\/revisions"}],"wp:attachment":[{"href":"https:\/\/www.archivosfutmex.com\/wordpress\/wp-json\/wp\/v2\/media?parent=17898"}],"wp:term":[{"taxonomy":"category","embeddable":true,"href":"https:\/\/www.archivosfutmex.com\/wordpress\/wp-json\/wp\/v2\/categories?post=17898"},{"taxonomy":"post_tag","embeddable":true,"href":"https:\/\/www.archivosfutmex.com\/wordpress\/wp-json\/wp\/v2\/tags?post=17898"}],"curies":[{"name":"wp","href":"https:\/\/api.w.org\/{rel}","templated":true}]}}