{"id":18003,"date":"2026-01-21T09:50:40","date_gmt":"2026-01-21T15:50:40","guid":{"rendered":"http:\/\/www.archivosfutmex.com\/wordpress\/?p=18003"},"modified":"2026-01-21T09:50:51","modified_gmt":"2026-01-21T15:50:51","slug":"palabras-de-los-papas-84","status":"publish","type":"post","link":"https:\/\/www.archivosfutmex.com\/wordpress\/archivos\/18003","title":{"rendered":"PALABRAS DE LOS PAPAS"},"content":{"rendered":"\n<p>En los Evangelios, muchas p\u00e1ginas relatan los encuentros de Jes\u00fas con los enfermos y su compromiso por curarlos. \u00c9l se presenta p\u00fablicamente como alguien que lucha contra la enfermedad y que vino para sanar al hombre de todo mal: el mal del esp\u00edritu y el mal del cuerpo. (\u2026) Y cuando un padre o una madre, o incluso sencillamente personas amigas le llevaban un enfermo para que lo tocase y lo curase, no se entreten\u00eda con otras cosas; la curaci\u00f3n estaba antes que la ley, incluso una tan sagrada como el descanso del s\u00e1bado (cf.\u00a0Mc\u00a03, 1-6). Los doctores de la ley rega\u00f1aban a Jes\u00fas porque curaba el s\u00e1bado, hac\u00eda el bien en s\u00e1bado. Pero el amor de Jes\u00fas era dar la salud, hacer el bien: y esto va siempre en primer lugar. (\u2026) Ante la enfermedad, incluso en la familia surgen dificultades, a causa de la debilidad humana. Pero, en general, el tiempo de la enfermedad hace crecer la fuerza de los v\u00ednculos familiares. (\u2026) La debilidad y el sufrimiento de nuestros afectos m\u00e1s queridos y sagrados pueden ser, para nuestros hijos y nuestros nietos, una escuela de vida\u00a0(\u2026) y llegan a serlo cuando los momentos de la enfermedad van acompa\u00f1ados por la oraci\u00f3n y la cercan\u00eda afectuosa y atenta de los familiares.\u00a0 (Francisco &#8211; Audiencia general, 10 de junio de 2015)<\/p>\n","protected":false},"excerpt":{"rendered":"<p>En los Evangelios, muchas p\u00e1ginas relatan los encuentros de Jes\u00fas con los enfermos y su compromiso por curarlos. \u00c9l se presenta p\u00fablicamente como alguien que lucha contra la enfermedad y que vino para sanar al hombre de todo mal: el mal del esp\u00edritu y el mal del cuerpo. (\u2026) Y cuando un padre o una [&hellip;]<\/p>\n","protected":false},"author":2,"featured_media":0,"comment_status":"closed","ping_status":"closed","sticky":false,"template":"","format":"standard","meta":{"footnotes":""},"categories":[229],"tags":[],"class_list":["post-18003","post","type-post","status-publish","format-standard","hentry","category-palabras-del-santo-padre"],"_links":{"self":[{"href":"https:\/\/www.archivosfutmex.com\/wordpress\/wp-json\/wp\/v2\/posts\/18003","targetHints":{"allow":["GET"]}}],"collection":[{"href":"https:\/\/www.archivosfutmex.com\/wordpress\/wp-json\/wp\/v2\/posts"}],"about":[{"href":"https:\/\/www.archivosfutmex.com\/wordpress\/wp-json\/wp\/v2\/types\/post"}],"author":[{"embeddable":true,"href":"https:\/\/www.archivosfutmex.com\/wordpress\/wp-json\/wp\/v2\/users\/2"}],"replies":[{"embeddable":true,"href":"https:\/\/www.archivosfutmex.com\/wordpress\/wp-json\/wp\/v2\/comments?post=18003"}],"version-history":[{"count":0,"href":"https:\/\/www.archivosfutmex.com\/wordpress\/wp-json\/wp\/v2\/posts\/18003\/revisions"}],"wp:attachment":[{"href":"https:\/\/www.archivosfutmex.com\/wordpress\/wp-json\/wp\/v2\/media?parent=18003"}],"wp:term":[{"taxonomy":"category","embeddable":true,"href":"https:\/\/www.archivosfutmex.com\/wordpress\/wp-json\/wp\/v2\/categories?post=18003"},{"taxonomy":"post_tag","embeddable":true,"href":"https:\/\/www.archivosfutmex.com\/wordpress\/wp-json\/wp\/v2\/tags?post=18003"}],"curies":[{"name":"wp","href":"https:\/\/api.w.org\/{rel}","templated":true}]}}