{"id":18022,"date":"2026-01-23T06:12:35","date_gmt":"2026-01-23T12:12:35","guid":{"rendered":"http:\/\/www.archivosfutmex.com\/wordpress\/?p=18022"},"modified":"2026-01-23T06:12:47","modified_gmt":"2026-01-23T12:12:47","slug":"lectura-de-hoy-viernes-23-de-enero-2026-del-primer-libro-de-samuel-1-samuel-24-3-21","status":"publish","type":"post","link":"https:\/\/www.archivosfutmex.com\/wordpress\/archivos\/18022","title":{"rendered":"Lectura de Hoy Viernes 23 de Enero 2026 , Del Primer Libro de Samuel . 1 Samuel , 24, 3-21"},"content":{"rendered":"\n<p>1 Samuel 24, 3-21<\/p>\n\n\n\n<p>En aquellos d\u00edas, Sa\u00fal tom\u00f3 consigo tres mil hombres valientes de todo Israel y march\u00f3 en busca de David y su gente, en direcci\u00f3n de las rocas llamadas \u00ablas Cabras Monteses\u00bb, y lleg\u00f3 hasta donde hab\u00eda un redil de ganado, junto al camino. Hab\u00eda all\u00ed una cueva, y Sa\u00fal entr\u00f3 en ella para satisfacer sus necesidades.<br><br>David y sus hombres estaban sentados en el fondo de la cueva. Ellos le dijeron: \u00abHa llegado el d\u00eda que te anunci\u00f3 el Se\u00f1or, cuando te hizo esta promesa: &#8216;Pondr\u00e9 a tu enemigo entre tus manos, para que hagas con \u00e9l lo que mejor te parezca&#8217; \u00ab.<br><br>David se levant\u00f3 sin hacer ruido y cort\u00f3 la punta del manto de Sa\u00fal. Pero a David le remordi\u00f3 la conciencia por haber cortado el manto de Sa\u00fal y dijo a sus hombres: \u00abDios me libre de levantar la mano contra el rey, porque es el ungido del Se\u00f1or\u00bb. Con estas palabras contuvo David a sus hombres y no les permiti\u00f3 atacar a Sa\u00fal.<br><br>Sa\u00fal sali\u00f3 de la cueva y sigui\u00f3 su camino. David sali\u00f3 detr\u00e1s de \u00e9l y le grit\u00f3: \u00abRey y se\u00f1or m\u00edo\u00bb. Y cuando Sa\u00fal mir\u00f3 hacia atr\u00e1s, David le hizo una gran reverencia, inclinando la cabeza hasta el suelo, y le dijo: \u00ab\u00bfPor qu\u00e9 haces caso a la gente que dice: &#8216;David trata de hacerte mal&#8217;? Date cuenta de que hoy el Se\u00f1or te puso en mis manos en la cueva y pude matarte, pero te perdon\u00e9 la vida, pues me dije: &#8216;No alzar\u00e9 mi mano contra el rey, porque es el ungido del Se\u00f1or&#8217;. Mira la punta de tu manto en mi mano. Yo la cort\u00e9 y no te mat\u00e9. Reconoce, pues, que en m\u00ed no hay traici\u00f3n y que no he pecado contra ti. T\u00fa, en cambio, andas buscando la ocasi\u00f3n de quitarme la vida. Que el Se\u00f1or sea nuestro juez, y que \u00e9l me haga justicia. Yo no alzar\u00e9 mi mano contra ti, porque como dice el antiguo proverbio: &#8216;Los malos obran mal&#8217;. \u00bfContra qui\u00e9n has salido a guerrear, rey de Israel? \u00bfA qui\u00e9n persigues? A un perro muerto, a una pulga. Que el Se\u00f1or sea el juez y nos juzgue a los dos. Que \u00e9l examine mi causa y me libre de tu mano\u00bb.<br><br>Cuando David termin\u00f3 de hablar, Sa\u00fal le respondi\u00f3: \u00ab\u00bfEres t\u00fa, David, hijo m\u00edo, quien as\u00ed me habla?\u00bb Sa\u00fal rompi\u00f3 a llorar y, levantando la voz, le dijo: \u00abT\u00fa eres m\u00e1s justo que yo, porque s\u00f3lo me haces el bien, mientras que yo busco tu mal. Hoy has demostrado conmigo tu gran bondad, pues el Se\u00f1or me puso en tus manos, y t\u00fa no me has quitado la vida. \u00bfQu\u00e9 hombre, que encuentra a su enemigo, le permite seguir su camino en paz? Que el Se\u00f1or te recompense por lo que hoy has hecho conmigo. Ahora estoy cierto de que llegar\u00e1s a ser rey y de que el reino de Israel se consolidar\u00e1 en tus manos\u00bb.<\/p>\n","protected":false},"excerpt":{"rendered":"<p>1 Samuel 24, 3-21 En aquellos d\u00edas, Sa\u00fal tom\u00f3 consigo tres mil hombres valientes de todo Israel y march\u00f3 en busca de David y su gente, en direcci\u00f3n de las rocas llamadas \u00ablas Cabras Monteses\u00bb, y lleg\u00f3 hasta donde hab\u00eda un redil de ganado, junto al camino. Hab\u00eda all\u00ed una cueva, y Sa\u00fal entr\u00f3 en [&hellip;]<\/p>\n","protected":false},"author":2,"featured_media":0,"comment_status":"closed","ping_status":"closed","sticky":false,"template":"","format":"standard","meta":{"footnotes":""},"categories":[205],"tags":[],"class_list":["post-18022","post","type-post","status-publish","format-standard","hentry","category-primera-lectura"],"_links":{"self":[{"href":"https:\/\/www.archivosfutmex.com\/wordpress\/wp-json\/wp\/v2\/posts\/18022","targetHints":{"allow":["GET"]}}],"collection":[{"href":"https:\/\/www.archivosfutmex.com\/wordpress\/wp-json\/wp\/v2\/posts"}],"about":[{"href":"https:\/\/www.archivosfutmex.com\/wordpress\/wp-json\/wp\/v2\/types\/post"}],"author":[{"embeddable":true,"href":"https:\/\/www.archivosfutmex.com\/wordpress\/wp-json\/wp\/v2\/users\/2"}],"replies":[{"embeddable":true,"href":"https:\/\/www.archivosfutmex.com\/wordpress\/wp-json\/wp\/v2\/comments?post=18022"}],"version-history":[{"count":0,"href":"https:\/\/www.archivosfutmex.com\/wordpress\/wp-json\/wp\/v2\/posts\/18022\/revisions"}],"wp:attachment":[{"href":"https:\/\/www.archivosfutmex.com\/wordpress\/wp-json\/wp\/v2\/media?parent=18022"}],"wp:term":[{"taxonomy":"category","embeddable":true,"href":"https:\/\/www.archivosfutmex.com\/wordpress\/wp-json\/wp\/v2\/categories?post=18022"},{"taxonomy":"post_tag","embeddable":true,"href":"https:\/\/www.archivosfutmex.com\/wordpress\/wp-json\/wp\/v2\/tags?post=18022"}],"curies":[{"name":"wp","href":"https:\/\/api.w.org\/{rel}","templated":true}]}}