{"id":18024,"date":"2026-01-23T06:15:38","date_gmt":"2026-01-23T12:15:38","guid":{"rendered":"http:\/\/www.archivosfutmex.com\/wordpress\/?p=18024"},"modified":"2026-01-23T06:16:31","modified_gmt":"2026-01-23T12:16:31","slug":"del-santo-evangelio-segun-san-marcos-mc-3-13-19","status":"publish","type":"post","link":"https:\/\/www.archivosfutmex.com\/wordpress\/archivos\/18024","title":{"rendered":"Del Santo Evangelio seg\u00fan San Marcos , Mc . 3-13-19"},"content":{"rendered":"\n<p>Marcos 3, 13-19<\/p>\n\n\n\n<p>En aquel tiempo, Jes\u00fas subi\u00f3 al monte, llam\u00f3 a los que \u00e9l quiso, y ellos lo siguieron. Constituy\u00f3 a doce para que se quedaran con \u00e9l, para mandarlos a predicar y para que tuvieran el poder de expulsar a los demonios.<br><br>Constituy\u00f3 entonces a los Doce: a Sim\u00f3n, al cual le impuso el nombre de Pedro; despu\u00e9s, a Santiago y a Juan, hijos de Zebedeo, a quienes dio el nombre de Boanergues, es decir \u00abhijos del trueno\u00bb; a Andr\u00e9s, Felipe, Bartolom\u00e9, Mateo, Tom\u00e1s, Santiago el de Alfeo, Tadeo, Sim\u00f3n el Cananeo y a Judas Iscariote, que despu\u00e9s lo<\/p>\n","protected":false},"excerpt":{"rendered":"<p>Marcos 3, 13-19 En aquel tiempo, Jes\u00fas subi\u00f3 al monte, llam\u00f3 a los que \u00e9l quiso, y ellos lo siguieron. Constituy\u00f3 a doce para que se quedaran con \u00e9l, para mandarlos a predicar y para que tuvieran el poder de expulsar a los demonios. Constituy\u00f3 entonces a los Doce: a Sim\u00f3n, al cual le impuso [&hellip;]<\/p>\n","protected":false},"author":2,"featured_media":0,"comment_status":"closed","ping_status":"closed","sticky":false,"template":"","format":"standard","meta":{"footnotes":""},"categories":[165],"tags":[],"class_list":["post-18024","post","type-post","status-publish","format-standard","hentry","category-evangelio-de-hoy"],"_links":{"self":[{"href":"https:\/\/www.archivosfutmex.com\/wordpress\/wp-json\/wp\/v2\/posts\/18024","targetHints":{"allow":["GET"]}}],"collection":[{"href":"https:\/\/www.archivosfutmex.com\/wordpress\/wp-json\/wp\/v2\/posts"}],"about":[{"href":"https:\/\/www.archivosfutmex.com\/wordpress\/wp-json\/wp\/v2\/types\/post"}],"author":[{"embeddable":true,"href":"https:\/\/www.archivosfutmex.com\/wordpress\/wp-json\/wp\/v2\/users\/2"}],"replies":[{"embeddable":true,"href":"https:\/\/www.archivosfutmex.com\/wordpress\/wp-json\/wp\/v2\/comments?post=18024"}],"version-history":[{"count":0,"href":"https:\/\/www.archivosfutmex.com\/wordpress\/wp-json\/wp\/v2\/posts\/18024\/revisions"}],"wp:attachment":[{"href":"https:\/\/www.archivosfutmex.com\/wordpress\/wp-json\/wp\/v2\/media?parent=18024"}],"wp:term":[{"taxonomy":"category","embeddable":true,"href":"https:\/\/www.archivosfutmex.com\/wordpress\/wp-json\/wp\/v2\/categories?post=18024"},{"taxonomy":"post_tag","embeddable":true,"href":"https:\/\/www.archivosfutmex.com\/wordpress\/wp-json\/wp\/v2\/tags?post=18024"}],"curies":[{"name":"wp","href":"https:\/\/api.w.org\/{rel}","templated":true}]}}