{"id":18036,"date":"2026-01-23T22:26:48","date_gmt":"2026-01-24T04:26:48","guid":{"rendered":"https:\/\/www.archivosfutmex.com\/wordpress\/?p=18036"},"modified":"2026-01-23T22:27:02","modified_gmt":"2026-01-24T04:27:02","slug":"lectura-de-hoy-sabado-24-enero-2026-del-segundo-libro-de-samuel-2-samuel-1-1-14-11-12-17-19-23-27","status":"publish","type":"post","link":"https:\/\/www.archivosfutmex.com\/wordpress\/archivos\/18036","title":{"rendered":"Lectura de Hoy S\u00e1bado 24 Enero 2026, Del Segundo Libro de Samuel , 2 Samuel , 1. 1-14. 11-12 . 17.19. 23-27"},"content":{"rendered":"\n<p>En aquellos d\u00edas, despu\u00e9s de derrotar a los amalecitas, David se fue a Siquelag y ah\u00ed permaneci\u00f3 dos d\u00edas. Al tercer d\u00eda lleg\u00f3 un hombre del campamento de Sa\u00fal, con los vestidos rotos y la cabeza cubierta de polvo. Lleg\u00f3 a donde estaba David y se postr\u00f3 en se\u00f1al de reverencia. David le pregunt\u00f3: \u201c\u00bfDe d\u00f3nde vienes?\u201d \u00c9l respondi\u00f3: \u201cVengo huyendo del campamento de Israel\u201d. David le pregunt\u00f3: \u201c\u00bfQu\u00e9 ha pasado? Cu\u00e9ntamelo\u201d. \u00c9l respondi\u00f3: \u201cEl pueblo fue derrotado en la batalla y huy\u00f3. Muchos cayeron y entre los muertos se encuentran Sa\u00fal y Jonat\u00e1n\u201d.<\/p>\n\n\n\n<p>Entonces David rasg\u00f3 sus vestiduras, y lo mismo hicieron los que estaban con \u00e9l. Prorrumpieron en lamentaciones y llanto, y ayunaron hasta la noche por Sa\u00fal y Jonat\u00e1n, por el pueblo del Se\u00f1or y por la casa de Israel, pues hab\u00edan muerto a espada. Entonces David enton\u00f3 una eleg\u00eda por Sa\u00fal y su hijo Jonat\u00e1n:<\/p>\n\n\n\n<p>\u201cTus h\u00e9roes, Israel, han sido inmolados en tus monta\u00f1as.<br>\u00bfPor qu\u00e9 cayeron los valientes?<br>Sa\u00fal y Jonat\u00e1n, queridos y admirados,<br>inseparables en la vida y unidos en la muerte,<br>m\u00e1s veloces que las \u00e1guilas<br>y m\u00e1s fuertes que los leones.<\/p>\n\n\n\n<p>Hijas de Israel, lloren por Sa\u00fal,<br>que las vest\u00eda de p\u00farpura y de lino<br>y las cubr\u00eda de joyas y de oro.<\/p>\n\n\n\n<p>\u00bfPor qu\u00e9 cayeron los valientes en medio de la batalla?<br>Jonat\u00e1n yace muerto en tus monta\u00f1as.<br>Por ti, Jonat\u00e1n, hermano m\u00edo, estoy lleno de pesar.<br>Te quise con toda el alma<br>y tu amistad fue para m\u00ed m\u00e1s estimable<br>que el amor de las mujeres.<br>\u00bfPor qu\u00e9 cayeron los valientes<br>y pereci\u00f3 la flor de los guerreros?\u201d<\/p>\n","protected":false},"excerpt":{"rendered":"<p>En aquellos d\u00edas, despu\u00e9s de derrotar a los amalecitas, David se fue a Siquelag y ah\u00ed permaneci\u00f3 dos d\u00edas. Al tercer d\u00eda lleg\u00f3 un hombre del campamento de Sa\u00fal, con los vestidos rotos y la cabeza cubierta de polvo. Lleg\u00f3 a donde estaba David y se postr\u00f3 en se\u00f1al de reverencia. David le pregunt\u00f3: \u201c\u00bfDe [&hellip;]<\/p>\n","protected":false},"author":2,"featured_media":0,"comment_status":"closed","ping_status":"closed","sticky":false,"template":"","format":"standard","meta":{"footnotes":""},"categories":[1],"tags":[],"class_list":["post-18036","post","type-post","status-publish","format-standard","hentry","category-todo-de-todo-futbol"],"_links":{"self":[{"href":"https:\/\/www.archivosfutmex.com\/wordpress\/wp-json\/wp\/v2\/posts\/18036","targetHints":{"allow":["GET"]}}],"collection":[{"href":"https:\/\/www.archivosfutmex.com\/wordpress\/wp-json\/wp\/v2\/posts"}],"about":[{"href":"https:\/\/www.archivosfutmex.com\/wordpress\/wp-json\/wp\/v2\/types\/post"}],"author":[{"embeddable":true,"href":"https:\/\/www.archivosfutmex.com\/wordpress\/wp-json\/wp\/v2\/users\/2"}],"replies":[{"embeddable":true,"href":"https:\/\/www.archivosfutmex.com\/wordpress\/wp-json\/wp\/v2\/comments?post=18036"}],"version-history":[{"count":0,"href":"https:\/\/www.archivosfutmex.com\/wordpress\/wp-json\/wp\/v2\/posts\/18036\/revisions"}],"wp:attachment":[{"href":"https:\/\/www.archivosfutmex.com\/wordpress\/wp-json\/wp\/v2\/media?parent=18036"}],"wp:term":[{"taxonomy":"category","embeddable":true,"href":"https:\/\/www.archivosfutmex.com\/wordpress\/wp-json\/wp\/v2\/categories?post=18036"},{"taxonomy":"post_tag","embeddable":true,"href":"https:\/\/www.archivosfutmex.com\/wordpress\/wp-json\/wp\/v2\/tags?post=18036"}],"curies":[{"name":"wp","href":"https:\/\/api.w.org\/{rel}","templated":true}]}}