{"id":18041,"date":"2026-01-23T22:33:47","date_gmt":"2026-01-24T04:33:47","guid":{"rendered":"https:\/\/www.archivosfutmex.com\/wordpress\/?p=18041"},"modified":"2026-01-23T22:35:53","modified_gmt":"2026-01-24T04:35:53","slug":"jesus-lo-que-cuenta-sobre-todo-es-alcanzar-y-salvar-a-los-lejanos-curar-las-heridas-de-los-enfermos-reintegrar-a-todos-en-la-familia-de-dios-y-eso-escandaliza-a-algunos-y-jesus-no-tiene-miedo-de","status":"publish","type":"post","link":"https:\/\/www.archivosfutmex.com\/wordpress\/archivos\/18041","title":{"rendered":"Jes\u00fas lo que cuenta, sobre todo, es alcanzar y salvar a los lejanos, curar las heridas de los enfermos, reintegrar a todos en la familia de Dios. Y eso escandaliza a algunos. Y Jes\u00fas no tiene miedo de este tipo de esc\u00e1ndalo. \u00c9l no piensa en las personas obtusas que se escandalizan incluso de una curaci\u00f3n, que se escandalizan de cualquier apertura, a cualquier paso que no entre en sus esquemas mentales o espirituales, a cualquier caricia o ternura que no corresponda a su forma de pensar y a su pureza ritualista. \u00c9l ha querido integrar a los marginados, salvar a los que est\u00e1n fuera del campamento (cf.\u00a0Jn\u00a010). Son dos l\u00f3gicas de pensamiento y de fe: el miedo de perder a los salvados y el deseo de salvar a los perdidos. Hoy tambi\u00e9n nos encontramos en la encrucijada de estas dos l\u00f3gicas: a veces, la de los doctores de la ley, o sea, alejarse del peligro apart\u00e1ndose de la persona contagiada, y la l\u00f3gica de Dios que, con su misericordia, abraza y acoge reintegrando y transfigurando el mal en bien, la condena en salvaci\u00f3n y la exclusi\u00f3n en anuncio. (Francisco &#8211; Santa Misa con los nuevos cardenales y el colegio cardinalizio, 15 de febrero de 2015)"},"content":{"rendered":"","protected":false},"excerpt":{"rendered":"","protected":false},"author":2,"featured_media":0,"comment_status":"closed","ping_status":"closed","sticky":false,"template":"","format":"standard","meta":{"footnotes":""},"categories":[229],"tags":[],"class_list":["post-18041","post","type-post","status-publish","format-standard","hentry","category-palabras-del-santo-padre"],"_links":{"self":[{"href":"https:\/\/www.archivosfutmex.com\/wordpress\/wp-json\/wp\/v2\/posts\/18041","targetHints":{"allow":["GET"]}}],"collection":[{"href":"https:\/\/www.archivosfutmex.com\/wordpress\/wp-json\/wp\/v2\/posts"}],"about":[{"href":"https:\/\/www.archivosfutmex.com\/wordpress\/wp-json\/wp\/v2\/types\/post"}],"author":[{"embeddable":true,"href":"https:\/\/www.archivosfutmex.com\/wordpress\/wp-json\/wp\/v2\/users\/2"}],"replies":[{"embeddable":true,"href":"https:\/\/www.archivosfutmex.com\/wordpress\/wp-json\/wp\/v2\/comments?post=18041"}],"version-history":[{"count":0,"href":"https:\/\/www.archivosfutmex.com\/wordpress\/wp-json\/wp\/v2\/posts\/18041\/revisions"}],"wp:attachment":[{"href":"https:\/\/www.archivosfutmex.com\/wordpress\/wp-json\/wp\/v2\/media?parent=18041"}],"wp:term":[{"taxonomy":"category","embeddable":true,"href":"https:\/\/www.archivosfutmex.com\/wordpress\/wp-json\/wp\/v2\/categories?post=18041"},{"taxonomy":"post_tag","embeddable":true,"href":"https:\/\/www.archivosfutmex.com\/wordpress\/wp-json\/wp\/v2\/tags?post=18041"}],"curies":[{"name":"wp","href":"https:\/\/api.w.org\/{rel}","templated":true}]}}