{"id":18096,"date":"2026-01-24T22:13:48","date_gmt":"2026-01-25T04:13:48","guid":{"rendered":"https:\/\/www.archivosfutmex.com\/wordpress\/?p=18096"},"modified":"2026-01-24T22:14:01","modified_gmt":"2026-01-25T04:14:01","slug":"lectura-de-hoy-domingo-25-enero-2026-del-libro-de-isaias-is-8-23b-9-3","status":"publish","type":"post","link":"https:\/\/www.archivosfutmex.com\/wordpress\/archivos\/18096","title":{"rendered":"Lectura de Hoy Domingo 25 Enero 2026, Del Libro de Isa\u00edas . Is. 8, 23b-9 . 3"},"content":{"rendered":"\n<p>En otro tiempo, el Se\u00f1or humill\u00f3 al pa\u00eds de Zabul\u00f3n y al pa\u00eds de Neftal\u00ed; pero en el futuro llenar\u00e1 de gloria el camino del mar, m\u00e1s all\u00e1 del Jord\u00e1n, en la regi\u00f3n de los paganos.<\/p>\n\n\n\n<p>El pueblo que caminaba en tinieblas<br>vio una gran luz;<br>sobre los que viv\u00edan en tierra de sombras,<br>una luz resplandeci\u00f3.<\/p>\n\n\n\n<p>Engrandeciste a tu pueblo<br>e hiciste grande su alegr\u00eda.<br>Se gozan en tu presencia como gozan al cosechar,<br>como se alegran al repartirse el bot\u00edn.<\/p>\n\n\n\n<p>Porque t\u00fa quebrantaste su pesado yugo,<br>la barra que oprim\u00eda sus hombros<br>y el cetro de su tirano,<br>como en el d\u00eda de Madi\u00e1n.<\/p>\n","protected":false},"excerpt":{"rendered":"<p>En otro tiempo, el Se\u00f1or humill\u00f3 al pa\u00eds de Zabul\u00f3n y al pa\u00eds de Neftal\u00ed; pero en el futuro llenar\u00e1 de gloria el camino del mar, m\u00e1s all\u00e1 del Jord\u00e1n, en la regi\u00f3n de los paganos. El pueblo que caminaba en tinieblasvio una gran luz;sobre los que viv\u00edan en tierra de sombras,una luz resplandeci\u00f3. Engrandeciste [&hellip;]<\/p>\n","protected":false},"author":2,"featured_media":0,"comment_status":"closed","ping_status":"closed","sticky":false,"template":"","format":"standard","meta":{"footnotes":""},"categories":[205],"tags":[],"class_list":["post-18096","post","type-post","status-publish","format-standard","hentry","category-primera-lectura"],"_links":{"self":[{"href":"https:\/\/www.archivosfutmex.com\/wordpress\/wp-json\/wp\/v2\/posts\/18096","targetHints":{"allow":["GET"]}}],"collection":[{"href":"https:\/\/www.archivosfutmex.com\/wordpress\/wp-json\/wp\/v2\/posts"}],"about":[{"href":"https:\/\/www.archivosfutmex.com\/wordpress\/wp-json\/wp\/v2\/types\/post"}],"author":[{"embeddable":true,"href":"https:\/\/www.archivosfutmex.com\/wordpress\/wp-json\/wp\/v2\/users\/2"}],"replies":[{"embeddable":true,"href":"https:\/\/www.archivosfutmex.com\/wordpress\/wp-json\/wp\/v2\/comments?post=18096"}],"version-history":[{"count":0,"href":"https:\/\/www.archivosfutmex.com\/wordpress\/wp-json\/wp\/v2\/posts\/18096\/revisions"}],"wp:attachment":[{"href":"https:\/\/www.archivosfutmex.com\/wordpress\/wp-json\/wp\/v2\/media?parent=18096"}],"wp:term":[{"taxonomy":"category","embeddable":true,"href":"https:\/\/www.archivosfutmex.com\/wordpress\/wp-json\/wp\/v2\/categories?post=18096"},{"taxonomy":"post_tag","embeddable":true,"href":"https:\/\/www.archivosfutmex.com\/wordpress\/wp-json\/wp\/v2\/tags?post=18096"}],"curies":[{"name":"wp","href":"https:\/\/api.w.org\/{rel}","templated":true}]}}