{"id":18098,"date":"2026-01-24T22:18:06","date_gmt":"2026-01-25T04:18:06","guid":{"rendered":"https:\/\/www.archivosfutmex.com\/wordpress\/?p=18098"},"modified":"2026-01-24T22:18:14","modified_gmt":"2026-01-25T04:18:14","slug":"segunda-lectura-de-la-primera-carta-del-apostol-san-pablo-a-los-corintos-1-corintos-1-10-13-17","status":"publish","type":"post","link":"https:\/\/www.archivosfutmex.com\/wordpress\/archivos\/18098","title":{"rendered":"Segunda Lectura . De la Primera Carta del Ap\u00f3stol San Pablo a los Corintos .1 Corintos , 1, 10-13 &#8211; 17"},"content":{"rendered":"\n<p>Hermanos: Los exhorto, en nombre de nuestro Se\u00f1or Jesucristo, a que todos vivan en concordia y no haya divisiones entre ustedes, a que est\u00e9n perfectamente unidos en un mismo sentir y en un mismo pensar.<\/p>\n\n\n\n<p>Me he enterado, hermanos, por algunos servidores de Cloe, de que hay discordia entre ustedes. Les digo esto, porque cada uno de ustedes ha tomado partido, diciendo: \u201cYo soy de Pablo, yo de Apolo, yo de Pedro, yo de Cristo\u201d. \u00bfAcaso Cristo est\u00e1 dividido? \u00bfEs que Pablo fue crucificado por ustedes? \u00bfO han sido bautizados ustedes en nombre de Pablo?<\/p>\n\n\n\n<p>Por lo dem\u00e1s, no me envi\u00f3 Cristo a bautizar, sino a predicar el Evangelio, y eso, no con sabidur\u00eda de palabras, para no hacer ineficaz la cruz de Cristo.<\/p>\n","protected":false},"excerpt":{"rendered":"<p>Hermanos: Los exhorto, en nombre de nuestro Se\u00f1or Jesucristo, a que todos vivan en concordia y no haya divisiones entre ustedes, a que est\u00e9n perfectamente unidos en un mismo sentir y en un mismo pensar. Me he enterado, hermanos, por algunos servidores de Cloe, de que hay discordia entre ustedes. Les digo esto, porque cada [&hellip;]<\/p>\n","protected":false},"author":2,"featured_media":0,"comment_status":"closed","ping_status":"closed","sticky":false,"template":"","format":"standard","meta":{"footnotes":""},"categories":[237],"tags":[],"class_list":["post-18098","post","type-post","status-publish","format-standard","hentry","category-segunda-lectura"],"_links":{"self":[{"href":"https:\/\/www.archivosfutmex.com\/wordpress\/wp-json\/wp\/v2\/posts\/18098","targetHints":{"allow":["GET"]}}],"collection":[{"href":"https:\/\/www.archivosfutmex.com\/wordpress\/wp-json\/wp\/v2\/posts"}],"about":[{"href":"https:\/\/www.archivosfutmex.com\/wordpress\/wp-json\/wp\/v2\/types\/post"}],"author":[{"embeddable":true,"href":"https:\/\/www.archivosfutmex.com\/wordpress\/wp-json\/wp\/v2\/users\/2"}],"replies":[{"embeddable":true,"href":"https:\/\/www.archivosfutmex.com\/wordpress\/wp-json\/wp\/v2\/comments?post=18098"}],"version-history":[{"count":0,"href":"https:\/\/www.archivosfutmex.com\/wordpress\/wp-json\/wp\/v2\/posts\/18098\/revisions"}],"wp:attachment":[{"href":"https:\/\/www.archivosfutmex.com\/wordpress\/wp-json\/wp\/v2\/media?parent=18098"}],"wp:term":[{"taxonomy":"category","embeddable":true,"href":"https:\/\/www.archivosfutmex.com\/wordpress\/wp-json\/wp\/v2\/categories?post=18098"},{"taxonomy":"post_tag","embeddable":true,"href":"https:\/\/www.archivosfutmex.com\/wordpress\/wp-json\/wp\/v2\/tags?post=18098"}],"curies":[{"name":"wp","href":"https:\/\/api.w.org\/{rel}","templated":true}]}}