{"id":18102,"date":"2026-01-24T23:22:10","date_gmt":"2026-01-25T05:22:10","guid":{"rendered":"https:\/\/www.archivosfutmex.com\/wordpress\/?p=18102"},"modified":"2026-01-24T23:22:22","modified_gmt":"2026-01-25T05:22:22","slug":"palabras-de-los-papas-86","status":"publish","type":"post","link":"https:\/\/www.archivosfutmex.com\/wordpress\/archivos\/18102","title":{"rendered":"PALABRAS DE LOS PAPAS"},"content":{"rendered":"\n<p>\u201cEl pueblo que caminaba en tinieblas vio una gran luz\u201d (Is 9,1). (\u2026) El evangelista san Mateo usa esta profec\u00eda como pr\u00f3logo a la actividad docente de Jes\u00fas en Galilea, cuando, desde su hogar en Nazaret, vino a vivir a la ciudad de Cafarna\u00fam. (\u2026) Jes\u00fas comienza a ense\u00f1ar en Cafarna\u00fam; y el contenido de su ense\u00f1anza est\u00e1 contenido en las palabras: \u201cArrepi\u00e9ntanse, porque el reino de los cielos est\u00e1 cerca\u201d (Mt 4,17). \u201cArrepi\u00e9ntanse\u201d significa precisamente ver \u201cuna luz\u201d. \u00a1Ver \u201cuna gran luz\u201d! La luz que viene de Dios. La luz que es Dios mismo. A trav\u00e9s del Evangelio, que Cristo proclama, se cumplen las palabras prof\u00e9ticas de Isa\u00edas: \u201cSobre los que habitaban en tierra de densas tinieblas brill\u00f3 una luz\u201d (Is 9,1). En la oscuridad \u2014s\u00edmbolo de confusi\u00f3n, error e incluso muerte\u2014 irrumpe de repente la luz, que es el mismo Hijo de Dios, que asumi\u00f3 la naturaleza humana; \u00c9l, la Palabra, \u00abla luz verdadera que ilumina a todo hombre\u00bb (Jn 1,9). (San Juan Pablo II &#8211; Homil\u00eda en la Santa Misa en la Parroquia de Santa Rita en Torbellamonaca, 22 de enero de 1984)<\/p>\n","protected":false},"excerpt":{"rendered":"<p>\u201cEl pueblo que caminaba en tinieblas vio una gran luz\u201d (Is 9,1). (\u2026) El evangelista san Mateo usa esta profec\u00eda como pr\u00f3logo a la actividad docente de Jes\u00fas en Galilea, cuando, desde su hogar en Nazaret, vino a vivir a la ciudad de Cafarna\u00fam. (\u2026) Jes\u00fas comienza a ense\u00f1ar en Cafarna\u00fam; y el contenido de [&hellip;]<\/p>\n","protected":false},"author":2,"featured_media":0,"comment_status":"closed","ping_status":"closed","sticky":false,"template":"","format":"standard","meta":{"footnotes":""},"categories":[229],"tags":[],"class_list":["post-18102","post","type-post","status-publish","format-standard","hentry","category-palabras-del-santo-padre"],"_links":{"self":[{"href":"https:\/\/www.archivosfutmex.com\/wordpress\/wp-json\/wp\/v2\/posts\/18102","targetHints":{"allow":["GET"]}}],"collection":[{"href":"https:\/\/www.archivosfutmex.com\/wordpress\/wp-json\/wp\/v2\/posts"}],"about":[{"href":"https:\/\/www.archivosfutmex.com\/wordpress\/wp-json\/wp\/v2\/types\/post"}],"author":[{"embeddable":true,"href":"https:\/\/www.archivosfutmex.com\/wordpress\/wp-json\/wp\/v2\/users\/2"}],"replies":[{"embeddable":true,"href":"https:\/\/www.archivosfutmex.com\/wordpress\/wp-json\/wp\/v2\/comments?post=18102"}],"version-history":[{"count":0,"href":"https:\/\/www.archivosfutmex.com\/wordpress\/wp-json\/wp\/v2\/posts\/18102\/revisions"}],"wp:attachment":[{"href":"https:\/\/www.archivosfutmex.com\/wordpress\/wp-json\/wp\/v2\/media?parent=18102"}],"wp:term":[{"taxonomy":"category","embeddable":true,"href":"https:\/\/www.archivosfutmex.com\/wordpress\/wp-json\/wp\/v2\/categories?post=18102"},{"taxonomy":"post_tag","embeddable":true,"href":"https:\/\/www.archivosfutmex.com\/wordpress\/wp-json\/wp\/v2\/tags?post=18102"}],"curies":[{"name":"wp","href":"https:\/\/api.w.org\/{rel}","templated":true}]}}