{"id":18176,"date":"2026-01-26T05:31:08","date_gmt":"2026-01-26T11:31:08","guid":{"rendered":"https:\/\/www.archivosfutmex.com\/wordpress\/?p=18176"},"modified":"2026-01-26T05:31:17","modified_gmt":"2026-01-26T11:31:17","slug":"oracion-colecta-hoy-lunes-26-enero-2026","status":"publish","type":"post","link":"https:\/\/www.archivosfutmex.com\/wordpress\/archivos\/18176","title":{"rendered":"ORACI\u00d3N COLECTA\u00a0 Hoy Lunes 26 Enero 2026"},"content":{"rendered":"\n<p>Se\u00f1or, Dios , que enriqueciste con virtudes apost\u00f3licas a los santos Timoteo y Tito , conc\u00e9denos , por su intercesi\u00f3n , que viviendo justa y piadosamente en este mundo , merezcamos llegar a la patria celestial . Por Nuestro Se\u00f1or Jescristo \u2026\u2026Am\u00e9n\u2026.<\/p>\n","protected":false},"excerpt":{"rendered":"<p>Se\u00f1or, Dios , que enriqueciste con virtudes apost\u00f3licas a los santos Timoteo y Tito , conc\u00e9denos , por su intercesi\u00f3n , que viviendo justa y piadosamente en este mundo , merezcamos llegar a la patria celestial . Por Nuestro Se\u00f1or Jescristo \u2026\u2026Am\u00e9n\u2026.<\/p>\n","protected":false},"author":2,"featured_media":0,"comment_status":"closed","ping_status":"closed","sticky":false,"template":"","format":"standard","meta":{"footnotes":""},"categories":[185],"tags":[],"class_list":["post-18176","post","type-post","status-publish","format-standard","hentry","category-oracion-colecta"],"_links":{"self":[{"href":"https:\/\/www.archivosfutmex.com\/wordpress\/wp-json\/wp\/v2\/posts\/18176","targetHints":{"allow":["GET"]}}],"collection":[{"href":"https:\/\/www.archivosfutmex.com\/wordpress\/wp-json\/wp\/v2\/posts"}],"about":[{"href":"https:\/\/www.archivosfutmex.com\/wordpress\/wp-json\/wp\/v2\/types\/post"}],"author":[{"embeddable":true,"href":"https:\/\/www.archivosfutmex.com\/wordpress\/wp-json\/wp\/v2\/users\/2"}],"replies":[{"embeddable":true,"href":"https:\/\/www.archivosfutmex.com\/wordpress\/wp-json\/wp\/v2\/comments?post=18176"}],"version-history":[{"count":0,"href":"https:\/\/www.archivosfutmex.com\/wordpress\/wp-json\/wp\/v2\/posts\/18176\/revisions"}],"wp:attachment":[{"href":"https:\/\/www.archivosfutmex.com\/wordpress\/wp-json\/wp\/v2\/media?parent=18176"}],"wp:term":[{"taxonomy":"category","embeddable":true,"href":"https:\/\/www.archivosfutmex.com\/wordpress\/wp-json\/wp\/v2\/categories?post=18176"},{"taxonomy":"post_tag","embeddable":true,"href":"https:\/\/www.archivosfutmex.com\/wordpress\/wp-json\/wp\/v2\/tags?post=18176"}],"curies":[{"name":"wp","href":"https:\/\/api.w.org\/{rel}","templated":true}]}}