{"id":18179,"date":"2026-01-26T05:36:30","date_gmt":"2026-01-26T11:36:30","guid":{"rendered":"https:\/\/www.archivosfutmex.com\/wordpress\/?p=18179"},"modified":"2026-01-26T05:36:37","modified_gmt":"2026-01-26T11:36:37","slug":"lectura-de-hoy-lunes-26-enero-2026-de-la-segunda-carta-del-apostol-san-pablo-a-timoteo-2-timoteo-1-1-8","status":"publish","type":"post","link":"https:\/\/www.archivosfutmex.com\/wordpress\/archivos\/18179","title":{"rendered":"Lectura de Hoy Lunes 26 Enero 2026 , De la Segunda Carta del  Ap\u00f3stol San Pablo a Timoteo.2 Timoteo 1, 1-8"},"content":{"rendered":"\n<p>Pablo, ap\u00f3stol de Jesucristo por voluntad de Dios, conforme a la promesa de vida que hay en Cristo Jes\u00fas, a Timoteo, hijo querido. Te deseo la gracia, la misericordia y la paz de Dios Padre y de Cristo Jes\u00fas, Se\u00f1or nuestro.<br><br>Cuando de noche y de d\u00eda te recuerdo en mis oraciones, le doy gracias a Dios, a quien sirvo con una conciencia pura, como lo aprend\u00ed de mis antepasados.<br><br>No puedo olvidar tus l\u00e1grimas al despedirnos y anhelo volver a verte para llenarme de alegr\u00eda, pues recuerdo tu fe sincera, esa fe que tuvieron tu abuela Loida y tu madre Eunice, y que estoy seguro que tambi\u00e9n tienes t\u00fa.<br><br>Por eso te recomiendo que reavives el don de Dios que recibiste cuando te impuse las manos. Porque el Se\u00f1or no nos ha dado un esp\u00edritu de temor, sino de fortaleza, de amor y de moderaci\u00f3n. No te averg\u00fcences, pues, de dar testimonio de nuestro Se\u00f1or, ni te averg\u00fcences de m\u00ed, que estoy preso por su causa. Al contrario, comparte conmigo los sufrimientos por la predicaci\u00f3n del Evangelio, sostenido por la fuerza de Dios.<\/p>\n","protected":false},"excerpt":{"rendered":"<p>Pablo, ap\u00f3stol de Jesucristo por voluntad de Dios, conforme a la promesa de vida que hay en Cristo Jes\u00fas, a Timoteo, hijo querido. Te deseo la gracia, la misericordia y la paz de Dios Padre y de Cristo Jes\u00fas, Se\u00f1or nuestro. Cuando de noche y de d\u00eda te recuerdo en mis oraciones, le doy gracias [&hellip;]<\/p>\n","protected":false},"author":2,"featured_media":0,"comment_status":"closed","ping_status":"closed","sticky":false,"template":"","format":"standard","meta":{"footnotes":""},"categories":[205],"tags":[],"class_list":["post-18179","post","type-post","status-publish","format-standard","hentry","category-primera-lectura"],"_links":{"self":[{"href":"https:\/\/www.archivosfutmex.com\/wordpress\/wp-json\/wp\/v2\/posts\/18179","targetHints":{"allow":["GET"]}}],"collection":[{"href":"https:\/\/www.archivosfutmex.com\/wordpress\/wp-json\/wp\/v2\/posts"}],"about":[{"href":"https:\/\/www.archivosfutmex.com\/wordpress\/wp-json\/wp\/v2\/types\/post"}],"author":[{"embeddable":true,"href":"https:\/\/www.archivosfutmex.com\/wordpress\/wp-json\/wp\/v2\/users\/2"}],"replies":[{"embeddable":true,"href":"https:\/\/www.archivosfutmex.com\/wordpress\/wp-json\/wp\/v2\/comments?post=18179"}],"version-history":[{"count":0,"href":"https:\/\/www.archivosfutmex.com\/wordpress\/wp-json\/wp\/v2\/posts\/18179\/revisions"}],"wp:attachment":[{"href":"https:\/\/www.archivosfutmex.com\/wordpress\/wp-json\/wp\/v2\/media?parent=18179"}],"wp:term":[{"taxonomy":"category","embeddable":true,"href":"https:\/\/www.archivosfutmex.com\/wordpress\/wp-json\/wp\/v2\/categories?post=18179"},{"taxonomy":"post_tag","embeddable":true,"href":"https:\/\/www.archivosfutmex.com\/wordpress\/wp-json\/wp\/v2\/tags?post=18179"}],"curies":[{"name":"wp","href":"https:\/\/api.w.org\/{rel}","templated":true}]}}