{"id":1868,"date":"2016-08-01T09:48:18","date_gmt":"2016-08-01T14:48:18","guid":{"rendered":"http:\/\/www.archivosfutmex.com\/wordpress\/?p=1868"},"modified":"2016-08-01T09:48:18","modified_gmt":"2016-08-01T14:48:18","slug":"chivas-primera-goliza-de-chivas-en-contra-por-0-4-en-su-historia-liga-archivasfutmex-com","status":"publish","type":"post","link":"https:\/\/www.archivosfutmex.com\/wordpress\/archivos\/1868","title":{"rendered":"Chivas : Primera Goliza de Chivas en Contra Por 0-4 en su Historia ( Liga)&#8230;Archivasfutmex.com"},"content":{"rendered":"<p>CHIVAS Primera Goliza Por 0-4 en Contra en su Historia.<\/p>\n<p>&nbsp;<\/p>\n<p>Temporada 1949 \u2013 50<\/p>\n<p>Viernes 12 de Mayo 1950\u00a0\u00a0\u00a0\u00a0\u00a0\u00a0\u00a0\u00a0\u00a0\u00a0\u00a0\u00a0\u00a0\u00a0\u00a0 Parque Vista Alegre \/ D.F.<\/p>\n<p>Marte \u2013 4\u00a0\u00a0 \u00a0\u00a0\u00a0\u00a0\u00a0\u00a0\u00a0\u00a0\u00a0\u00a0\u00a0\u00a0\u00a0\u00a0\u00a0\u00a0\u00a0\u00a0 Chivas \u2013 0<\/p>\n<p>Jos\u00e9 C\u00e1zares (2)<\/p>\n<p>Luis V\u00e1zquez<\/p>\n<p>Mario \u201c Flaco \u201c P\u00e9rez<\/p>\n<p>&nbsp;<\/p>\n<p>Chivas : Vicente Gonz\u00e1lez : Zamudio , \u00a0Tepa \u201c G\u00f3mez , Rafael \u201c Raffles\u201d Orozco ;<\/p>\n<p>Rodrigo Ruiz , Figueroa , Antonio Ruiz Pizano , Javier de La Torre ,<\/p>\n<p>Max Prieto , Luis \u201c Chato\u201d V\u00e1zquez , Martin del Campo.<\/p>\n<p>&nbsp;<\/p>\n<p>Archivosfutmex.com<\/p>\n<p>FACEBOOK : GUILLERMO GLORIA FONESCA<\/p>\n<p>E \u2013 MAIL : <a href=\"mailto:guillermogloria3@gmail.com\">guillermogloria3@gmail.com<\/a><\/p>\n<p>&nbsp;<\/p>\n<p>&nbsp;<\/p>\n","protected":false},"excerpt":{"rendered":"<p>CHIVAS Primera Goliza Por 0-4 en Contra en su Historia. &nbsp; Temporada 1949 \u2013 50 Viernes 12 de Mayo 1950\u00a0\u00a0\u00a0\u00a0\u00a0\u00a0\u00a0\u00a0\u00a0\u00a0\u00a0\u00a0\u00a0\u00a0\u00a0 Parque Vista Alegre \/ D.F. Marte \u2013 4\u00a0\u00a0 \u00a0\u00a0\u00a0\u00a0\u00a0\u00a0\u00a0\u00a0\u00a0\u00a0\u00a0\u00a0\u00a0\u00a0\u00a0\u00a0\u00a0\u00a0 Chivas \u2013 0 Jos\u00e9 C\u00e1zares (2) Luis V\u00e1zquez Mario \u201c Flaco \u201c P\u00e9rez &nbsp; Chivas : Vicente Gonz\u00e1lez : Zamudio , \u00a0Tepa \u201c G\u00f3mez , Rafael [&hellip;]<\/p>\n","protected":false},"author":2,"featured_media":0,"comment_status":"closed","ping_status":"closed","sticky":false,"template":"","format":"standard","meta":{"footnotes":""},"categories":[5],"tags":[],"class_list":["post-1868","post","type-post","status-publish","format-standard","hentry","category-chivas"],"_links":{"self":[{"href":"https:\/\/www.archivosfutmex.com\/wordpress\/wp-json\/wp\/v2\/posts\/1868","targetHints":{"allow":["GET"]}}],"collection":[{"href":"https:\/\/www.archivosfutmex.com\/wordpress\/wp-json\/wp\/v2\/posts"}],"about":[{"href":"https:\/\/www.archivosfutmex.com\/wordpress\/wp-json\/wp\/v2\/types\/post"}],"author":[{"embeddable":true,"href":"https:\/\/www.archivosfutmex.com\/wordpress\/wp-json\/wp\/v2\/users\/2"}],"replies":[{"embeddable":true,"href":"https:\/\/www.archivosfutmex.com\/wordpress\/wp-json\/wp\/v2\/comments?post=1868"}],"version-history":[{"count":0,"href":"https:\/\/www.archivosfutmex.com\/wordpress\/wp-json\/wp\/v2\/posts\/1868\/revisions"}],"wp:attachment":[{"href":"https:\/\/www.archivosfutmex.com\/wordpress\/wp-json\/wp\/v2\/media?parent=1868"}],"wp:term":[{"taxonomy":"category","embeddable":true,"href":"https:\/\/www.archivosfutmex.com\/wordpress\/wp-json\/wp\/v2\/categories?post=1868"},{"taxonomy":"post_tag","embeddable":true,"href":"https:\/\/www.archivosfutmex.com\/wordpress\/wp-json\/wp\/v2\/tags?post=1868"}],"curies":[{"name":"wp","href":"https:\/\/api.w.org\/{rel}","templated":true}]}}