{"id":1884,"date":"2016-08-04T22:31:34","date_gmt":"2016-08-05T03:31:34","guid":{"rendered":"http:\/\/www.archivosfutmex.com\/wordpress\/?p=1884"},"modified":"2016-08-04T22:31:34","modified_gmt":"2016-08-05T03:31:34","slug":"todos-los-empates-de-la-seleccion-mexicana-en-juegos-olimpicos-1928-2016-archivosfutmex-com","status":"publish","type":"post","link":"https:\/\/www.archivosfutmex.com\/wordpress\/archivos\/1884","title":{"rendered":"Todos los Empates de La Selecci\u00f3n Mexicana en Juegos Ol\u00edmpicos ( 1928 &#8211; 2016)..Archivosfutmex.com"},"content":{"rendered":"<p>Todos los Empates de La Selecci\u00f3n Mexicana en Juegos Ol\u00edmpicos.<\/p>\n<p>Desde 1928 \u00c1msterdam a Brasil 2016.<\/p>\n<p>&nbsp;<\/p>\n<p>&nbsp;<\/p>\n<p>&nbsp;<\/p>\n<p>Tokio 1964<\/p>\n<p>13 de Octubre de 1964<\/p>\n<p>Ir\u00e1n \u2013 1\u00a0\u00a0\u00a0\u00a0\u00a0\u00a0\u00a0\u00a0\u00a0\u00a0\u00a0\u00a0\u00a0\u00a0\u00a0\u00a0\u00a0\u00a0\u00a0\u00a0\u00a0\u00a0\u00a0\u00a0\u00a0\u00a0\u00a0\u00a0\u00a0\u00a0\u00a0\u00a0\u00a0\u00a0 M\u00e9xico \u2013 1<\/p>\n<p>Jos\u00e9 Luis Gonz\u00e1lez<\/p>\n<p>&nbsp;<\/p>\n<p>Munich 1972<\/p>\n<p>&nbsp;<\/p>\n<p>Domingo 3 de Septiembre de 1972\u00a0 \u00a0\u00a0\u00a0\u00a0\u00a0\u00a0\u00a0\u00a0\u00a0\u00a0\u00a0\u00a0\u00a0\u00a0\u00a0\u00a0\u00a0\u00a0 N\u00faremberg<\/p>\n<p>&nbsp;<\/p>\n<p>Alemania Occidental\u00a0 &#8211; 1\u00a0\u00a0\u00a0\u00a0\u00a0\u00a0\u00a0 \u00a0\u00a0\u00a0\u00a0\u00a0\u00a0\u00a0\u00a0\u00a0\u00a0\u00a0\u00a0\u00a0\u00a0\u00a0\u00a0\u00a0\u00a0\u00a0\u00a0\u00a0\u00a0\u00a0\u00a0\u00a0\u00a0\u00a0 M\u00e8xico \u2013 1<\/p>\n<p>Leonardo Cu\u00e8llar<\/p>\n<p>&nbsp;<\/p>\n<p>&nbsp;<\/p>\n<p>Montreal 1976<\/p>\n<p>&nbsp;<\/p>\n<p>21 de Julio de 1976<\/p>\n<p>Israel \u2013 2\u00a0\u00a0\u00a0\u00a0\u00a0\u00a0\u00a0\u00a0\u00a0\u00a0\u00a0\u00a0\u00a0\u00a0\u00a0\u00a0\u00a0\u00a0\u00a0\u00a0\u00a0\u00a0\u00a0\u00a0\u00a0\u00a0\u00a0\u00a0\u00a0\u00a0\u00a0\u00a0\u00a0\u00a0\u00a0\u00a0\u00a0\u00a0\u00a0\u00a0\u00a0 M\u00e9xico \u2013 2<\/p>\n<p>V\u00edctor Rangel ( 2)<\/p>\n<p>&nbsp;<\/p>\n<p>23 de Julio de 1976<\/p>\n<p>Guatemala \u2013 1\u00a0\u00a0\u00a0\u00a0\u00a0\u00a0\u00a0\u00a0\u00a0\u00a0\u00a0\u00a0\u00a0\u00a0\u00a0\u00a0\u00a0\u00a0\u00a0\u00a0\u00a0\u00a0\u00a0\u00a0\u00a0\u00a0\u00a0\u00a0\u00a0\u00a0\u00a0\u00a0 M\u00e9xico \u2013 1<\/p>\n<p>V\u00edctor Rangel<\/p>\n<p>&nbsp;<\/p>\n<p>Barcelona 1992<\/p>\n<p>26 de Julio de 1992<\/p>\n<p>&nbsp;<\/p>\n<p>Dinamarca \u2013 1\u00a0\u00a0\u00a0\u00a0\u00a0\u00a0\u00a0\u00a0\u00a0\u00a0\u00a0\u00a0\u00a0\u00a0\u00a0\u00a0\u00a0\u00a0\u00a0\u00a0\u00a0\u00a0\u00a0 M\u00e8xico \u2013 1<\/p>\n<p>Francisco Rotll\u00e0n (Penalti)<\/p>\n<p>&nbsp;<\/p>\n<p>28 de Julio de 1992<\/p>\n<p>Australia \u2013 1\u00a0\u00a0\u00a0\u00a0\u00a0\u00a0\u00a0\u00a0\u00a0\u00a0\u00a0\u00a0\u00a0\u00a0\u00a0\u00a0\u00a0\u00a0\u00a0\u00a0\u00a0\u00a0\u00a0\u00a0\u00a0 M\u00e8xico \u2013 1<\/p>\n<p>Jorge \u201cTote\u201d Casta\u00f1eda<\/p>\n<p>&nbsp;<\/p>\n<p>30 de Julio de 1992<\/p>\n<p>Ghana \u2013 1\u00a0\u00a0\u00a0\u00a0\u00a0\u00a0\u00a0\u00a0\u00a0\u00a0\u00a0\u00a0\u00a0\u00a0\u00a0\u00a0\u00a0\u00a0\u00a0\u00a0\u00a0\u00a0\u00a0\u00a0\u00a0\u00a0\u00a0\u00a0\u00a0\u00a0 M\u00e8xico \u2013 1<\/p>\n<p>Francisco Rottl\u00e0n<\/p>\n<p>&nbsp;<\/p>\n<p>&nbsp;<\/p>\n<p>Atlanta 1996<\/p>\n<p>&nbsp;<\/p>\n<p>23 de Julio de 1996<\/p>\n<p>Rep\u00fablica de Corea \u2013 0\u00a0\u00a0\u00a0\u00a0\u00a0\u00a0\u00a0\u00a0\u00a0 M\u00e8xico \u2013 0<\/p>\n<p>&nbsp;<\/p>\n<p>&nbsp;<\/p>\n<p>25 de Julio de 1996<\/p>\n<p>Ghana \u2013 1\u00a0\u00a0\u00a0\u00a0\u00a0\u00a0\u00a0\u00a0\u00a0\u00a0\u00a0\u00a0\u00a0\u00a0\u00a0\u00a0\u00a0\u00a0\u00a0\u00a0\u00a0\u00a0\u00a0\u00a0\u00a0\u00a0\u00a0\u00a0\u00a0\u00a0 M\u00e8xico \u2013 1<\/p>\n<p>Jos\u00e9 Manuel Abundis<\/p>\n<p>&nbsp;<\/p>\n<p>&nbsp;<\/p>\n<p>Grecia 2004<\/p>\n<p>11 de Agosto 2004<\/p>\n<p>&nbsp;<\/p>\n<p>Mal\u00ec \u2013 0\u00a0\u00a0\u00a0\u00a0\u00a0\u00a0\u00a0\u00a0\u00a0\u00a0\u00a0\u00a0\u00a0\u00a0\u00a0\u00a0\u00a0\u00a0\u00a0\u00a0\u00a0\u00a0\u00a0\u00a0\u00a0\u00a0\u00a0\u00a0\u00a0\u00a0\u00a0\u00a0\u00a0 M\u00e8xico -0<\/p>\n<p>&nbsp;<\/p>\n<p>&nbsp;<\/p>\n<p>Londres 2012<\/p>\n<p>26 de Julio 2012<\/p>\n<p>M\u00e9xico -0 \u00a0\u00a0\u00a0\u00a0\u00a0\u00a0\u00a0\u00a0\u00a0\u00a0\u00a0\u00a0\u00a0\u00a0\u00a0\u00a0\u00a0\u00a0\u00a0\u00a0 Corea del Sur \u00a0\u2013 0<\/p>\n<p>&nbsp;<\/p>\n<p>&nbsp;<\/p>\n<p>Brasil 2016<\/p>\n<p>Jueves 4 de Agosto 2016\u00a0\u00a0\u00a0\u00a0\u00a0\u00a0\u00a0\u00a0\u00a0\u00a0\u00a0\u00a0\u00a0\u00a0\u00a0\u00a0 Salvador, Bah\u00eda<\/p>\n<p>&nbsp;<\/p>\n<p>M\u00e9xico \u2013 2 \u00a0\u00a0\u00a0\u00a0\u00a0\u00a0\u00a0\u00a0\u00a0\u00a0\u00a0\u00a0\u00a0\u00a0\u00a0\u00a0\u00a0\u00a0 Alemania \u2013 2<\/p>\n<p>&nbsp;<\/p>\n<p>&nbsp;<\/p>\n<p>Archivosfutmex.com<\/p>\n<p>FACEBOOK : GUILLERMO GLORIA FONSECA<\/p>\n<p>E \u2013 MAIL : <a href=\"mailto:guillermogloria3@gmail.com\">guillermogloria3@gmail.com<\/a><\/p>\n<p>&nbsp;<\/p>\n<p>&nbsp;<\/p>\n<p>&nbsp;<\/p>\n<p>&nbsp;<\/p>\n<p>&nbsp;<\/p>\n","protected":false},"excerpt":{"rendered":"<p>Todos los Empates de La Selecci\u00f3n Mexicana en Juegos Ol\u00edmpicos. Desde 1928 \u00c1msterdam a Brasil 2016. &nbsp; &nbsp; &nbsp; Tokio 1964 13 de Octubre de 1964 Ir\u00e1n \u2013 1\u00a0\u00a0\u00a0\u00a0\u00a0\u00a0\u00a0\u00a0\u00a0\u00a0\u00a0\u00a0\u00a0\u00a0\u00a0\u00a0\u00a0\u00a0\u00a0\u00a0\u00a0\u00a0\u00a0\u00a0\u00a0\u00a0\u00a0\u00a0\u00a0\u00a0\u00a0\u00a0\u00a0\u00a0 M\u00e9xico \u2013 1 Jos\u00e9 Luis Gonz\u00e1lez &nbsp; Munich 1972 &nbsp; Domingo 3 de Septiembre de 1972\u00a0 \u00a0\u00a0\u00a0\u00a0\u00a0\u00a0\u00a0\u00a0\u00a0\u00a0\u00a0\u00a0\u00a0\u00a0\u00a0\u00a0\u00a0\u00a0 N\u00faremberg &nbsp; Alemania Occidental\u00a0 &#8211; 1\u00a0\u00a0\u00a0\u00a0\u00a0\u00a0\u00a0 \u00a0\u00a0\u00a0\u00a0\u00a0\u00a0\u00a0\u00a0\u00a0\u00a0\u00a0\u00a0\u00a0\u00a0\u00a0\u00a0\u00a0\u00a0\u00a0\u00a0\u00a0\u00a0\u00a0\u00a0\u00a0\u00a0\u00a0 M\u00e8xico \u2013 [&hellip;]<\/p>\n","protected":false},"author":2,"featured_media":0,"comment_status":"closed","ping_status":"closed","sticky":false,"template":"","format":"standard","meta":{"footnotes":""},"categories":[70],"tags":[],"class_list":["post-1884","post","type-post","status-publish","format-standard","hentry","category-seleccion-mexicana-de-futbol-en-las-olimpiadas-amsterdam-1928-grecia-2004"],"_links":{"self":[{"href":"https:\/\/www.archivosfutmex.com\/wordpress\/wp-json\/wp\/v2\/posts\/1884","targetHints":{"allow":["GET"]}}],"collection":[{"href":"https:\/\/www.archivosfutmex.com\/wordpress\/wp-json\/wp\/v2\/posts"}],"about":[{"href":"https:\/\/www.archivosfutmex.com\/wordpress\/wp-json\/wp\/v2\/types\/post"}],"author":[{"embeddable":true,"href":"https:\/\/www.archivosfutmex.com\/wordpress\/wp-json\/wp\/v2\/users\/2"}],"replies":[{"embeddable":true,"href":"https:\/\/www.archivosfutmex.com\/wordpress\/wp-json\/wp\/v2\/comments?post=1884"}],"version-history":[{"count":0,"href":"https:\/\/www.archivosfutmex.com\/wordpress\/wp-json\/wp\/v2\/posts\/1884\/revisions"}],"wp:attachment":[{"href":"https:\/\/www.archivosfutmex.com\/wordpress\/wp-json\/wp\/v2\/media?parent=1884"}],"wp:term":[{"taxonomy":"category","embeddable":true,"href":"https:\/\/www.archivosfutmex.com\/wordpress\/wp-json\/wp\/v2\/categories?post=1884"},{"taxonomy":"post_tag","embeddable":true,"href":"https:\/\/www.archivosfutmex.com\/wordpress\/wp-json\/wp\/v2\/tags?post=1884"}],"curies":[{"name":"wp","href":"https:\/\/api.w.org\/{rel}","templated":true}]}}