{"id":19330,"date":"2026-03-08T23:16:15","date_gmt":"2026-03-09T05:16:15","guid":{"rendered":"http:\/\/www.archivosfutmex.com\/wordpress\/?p=19330"},"modified":"2026-03-08T23:16:22","modified_gmt":"2026-03-09T05:16:22","slug":"lectura-de-hoy-lunes-9-marzo-2026-lectura-del-libro-del-exodo-17-3-7","status":"publish","type":"post","link":"https:\/\/www.archivosfutmex.com\/wordpress\/archivos\/19330","title":{"rendered":"Lectura de Hoy Lunes 9 Marzo 2026 , Lectura del Libro del \u00c9xodo . 17, 3-7"},"content":{"rendered":"\n<p>En aquellos d\u00edas, el pueblo, torturado por la sed, fue a protestar contra Mois\u00e9s, dici\u00e9ndole: \u201c\u00bfNos has hecho salir de Egipto para hacernos morir de sed a nosotros, a nuestros hijos y a nuestro ganado?\u201d Mois\u00e9s clam\u00f3 al Se\u00f1or y le dijo: \u201c\u00bfQu\u00e9 puedo hacer con este pueblo? S\u00f3lo falta que me apedreen\u201d. Respondi\u00f3 el Se\u00f1or a Mois\u00e9s: \u201cPres\u00e9ntate al pueblo, llevando contigo a algunos de los ancianos de Israel, toma en tu mano el cayado con que golpeaste el Nilo y vete. Yo estar\u00e9 ante ti, sobre la pe\u00f1a, en Horeb. Golpea la pe\u00f1a y saldr\u00e1 de ella agua para que beba el pueblo\u201d.<\/p>\n\n\n\n<p>As\u00ed lo hizo Mois\u00e9s a la vista de los ancianos de Israel y puso por nombre a aquel lugar Mas\u00e1 y Merib\u00e1, por la rebeli\u00f3n de los hijos de Israel y porque hab\u00edan tentado al Se\u00f1or, diciendo: \u201c\u00bfEst\u00e1 o no est\u00e1 el Se\u00f1or en medio de nosotros?\u201d<\/p>\n","protected":false},"excerpt":{"rendered":"<p>En aquellos d\u00edas, el pueblo, torturado por la sed, fue a protestar contra Mois\u00e9s, dici\u00e9ndole: \u201c\u00bfNos has hecho salir de Egipto para hacernos morir de sed a nosotros, a nuestros hijos y a nuestro ganado?\u201d Mois\u00e9s clam\u00f3 al Se\u00f1or y le dijo: \u201c\u00bfQu\u00e9 puedo hacer con este pueblo? S\u00f3lo falta que me apedreen\u201d. Respondi\u00f3 el [&hellip;]<\/p>\n","protected":false},"author":2,"featured_media":0,"comment_status":"closed","ping_status":"closed","sticky":false,"template":"","format":"standard","meta":{"footnotes":""},"categories":[205],"tags":[],"class_list":["post-19330","post","type-post","status-publish","format-standard","hentry","category-primera-lectura"],"_links":{"self":[{"href":"https:\/\/www.archivosfutmex.com\/wordpress\/wp-json\/wp\/v2\/posts\/19330","targetHints":{"allow":["GET"]}}],"collection":[{"href":"https:\/\/www.archivosfutmex.com\/wordpress\/wp-json\/wp\/v2\/posts"}],"about":[{"href":"https:\/\/www.archivosfutmex.com\/wordpress\/wp-json\/wp\/v2\/types\/post"}],"author":[{"embeddable":true,"href":"https:\/\/www.archivosfutmex.com\/wordpress\/wp-json\/wp\/v2\/users\/2"}],"replies":[{"embeddable":true,"href":"https:\/\/www.archivosfutmex.com\/wordpress\/wp-json\/wp\/v2\/comments?post=19330"}],"version-history":[{"count":0,"href":"https:\/\/www.archivosfutmex.com\/wordpress\/wp-json\/wp\/v2\/posts\/19330\/revisions"}],"wp:attachment":[{"href":"https:\/\/www.archivosfutmex.com\/wordpress\/wp-json\/wp\/v2\/media?parent=19330"}],"wp:term":[{"taxonomy":"category","embeddable":true,"href":"https:\/\/www.archivosfutmex.com\/wordpress\/wp-json\/wp\/v2\/categories?post=19330"},{"taxonomy":"post_tag","embeddable":true,"href":"https:\/\/www.archivosfutmex.com\/wordpress\/wp-json\/wp\/v2\/tags?post=19330"}],"curies":[{"name":"wp","href":"https:\/\/api.w.org\/{rel}","templated":true}]}}