{"id":19448,"date":"2026-03-11T07:17:08","date_gmt":"2026-03-11T13:17:08","guid":{"rendered":"https:\/\/www.archivosfutmex.com\/wordpress\/?p=19448"},"modified":"2026-03-11T07:17:26","modified_gmt":"2026-03-11T13:17:26","slug":"el-santo-evangelio-de-hoy-del-evangelio-de-san-mateo-mt-5-17-19","status":"publish","type":"post","link":"https:\/\/www.archivosfutmex.com\/wordpress\/archivos\/19448","title":{"rendered":"El Santo Evangelio de Hoy , Del Evangelio de San Mateo , Mt , 5.17-19"},"content":{"rendered":"\n<p>En aquel tiempo, Jes\u00fas dijo a sus disc\u00edpulos: \u00abNo crean que he venido a abolir la ley o los profetas; no he venido a abolirlos, sino a darles plenitud. Yo les aseguro que antes se acabar\u00e1n el cielo y la tierra, que deje de cumplirse hasta la m\u00e1s peque\u00f1a letra o coma de la ley.&nbsp;<\/p>\n\n\n\n<p>Por lo tanto, el que quebrante uno de estos preceptos menores y ense\u00f1e eso a los hombres, ser\u00e1 el menor en el Reino de los cielos; pero el que los cumpla y los ense\u00f1e, ser\u00e1 grande en el Reino de los cielos\u00bb.<\/p>\n","protected":false},"excerpt":{"rendered":"<p>En aquel tiempo, Jes\u00fas dijo a sus disc\u00edpulos: \u00abNo crean que he venido a abolir la ley o los profetas; no he venido a abolirlos, sino a darles plenitud. Yo les aseguro que antes se acabar\u00e1n el cielo y la tierra, que deje de cumplirse hasta la m\u00e1s peque\u00f1a letra o coma de la ley.&nbsp; [&hellip;]<\/p>\n","protected":false},"author":2,"featured_media":0,"comment_status":"closed","ping_status":"closed","sticky":false,"template":"","format":"standard","meta":{"footnotes":""},"categories":[165],"tags":[],"class_list":["post-19448","post","type-post","status-publish","format-standard","hentry","category-evangelio-de-hoy"],"_links":{"self":[{"href":"https:\/\/www.archivosfutmex.com\/wordpress\/wp-json\/wp\/v2\/posts\/19448","targetHints":{"allow":["GET"]}}],"collection":[{"href":"https:\/\/www.archivosfutmex.com\/wordpress\/wp-json\/wp\/v2\/posts"}],"about":[{"href":"https:\/\/www.archivosfutmex.com\/wordpress\/wp-json\/wp\/v2\/types\/post"}],"author":[{"embeddable":true,"href":"https:\/\/www.archivosfutmex.com\/wordpress\/wp-json\/wp\/v2\/users\/2"}],"replies":[{"embeddable":true,"href":"https:\/\/www.archivosfutmex.com\/wordpress\/wp-json\/wp\/v2\/comments?post=19448"}],"version-history":[{"count":0,"href":"https:\/\/www.archivosfutmex.com\/wordpress\/wp-json\/wp\/v2\/posts\/19448\/revisions"}],"wp:attachment":[{"href":"https:\/\/www.archivosfutmex.com\/wordpress\/wp-json\/wp\/v2\/media?parent=19448"}],"wp:term":[{"taxonomy":"category","embeddable":true,"href":"https:\/\/www.archivosfutmex.com\/wordpress\/wp-json\/wp\/v2\/categories?post=19448"},{"taxonomy":"post_tag","embeddable":true,"href":"https:\/\/www.archivosfutmex.com\/wordpress\/wp-json\/wp\/v2\/tags?post=19448"}],"curies":[{"name":"wp","href":"https:\/\/api.w.org\/{rel}","templated":true}]}}