{"id":19469,"date":"2026-03-15T08:15:53","date_gmt":"2026-03-15T14:15:53","guid":{"rendered":"https:\/\/www.archivosfutmex.com\/wordpress\/?p=19469"},"modified":"2026-03-15T08:16:08","modified_gmt":"2026-03-15T14:16:08","slug":"oracion-colecta-hoy-domingo-15-marzo-2026","status":"publish","type":"post","link":"https:\/\/www.archivosfutmex.com\/wordpress\/archivos\/19469","title":{"rendered":"ORACI\u00d3N COLECTA Hoy Domingo 15 Marzo 2026"},"content":{"rendered":"\n<p>Se\u00f1or Dios, que por tu palabra realizas admirablemente la reconciliaci\u00f3n del g\u00e9nero humano , concede al pueblo cristiano prepararse con generosa entrega y fe viva a celebrar las pr\u00f3ximas fiestas de Pascua . Por nuestro se\u00f1or Jesucristo\u2026.Am\u00e9n..<\/p>\n","protected":false},"excerpt":{"rendered":"<p>Se\u00f1or Dios, que por tu palabra realizas admirablemente la reconciliaci\u00f3n del g\u00e9nero humano , concede al pueblo cristiano prepararse con generosa entrega y fe viva a celebrar las pr\u00f3ximas fiestas de Pascua . Por nuestro se\u00f1or Jesucristo\u2026.Am\u00e9n..<\/p>\n","protected":false},"author":2,"featured_media":0,"comment_status":"closed","ping_status":"closed","sticky":false,"template":"","format":"standard","meta":{"footnotes":""},"categories":[185],"tags":[],"class_list":["post-19469","post","type-post","status-publish","format-standard","hentry","category-oracion-colecta"],"_links":{"self":[{"href":"https:\/\/www.archivosfutmex.com\/wordpress\/wp-json\/wp\/v2\/posts\/19469","targetHints":{"allow":["GET"]}}],"collection":[{"href":"https:\/\/www.archivosfutmex.com\/wordpress\/wp-json\/wp\/v2\/posts"}],"about":[{"href":"https:\/\/www.archivosfutmex.com\/wordpress\/wp-json\/wp\/v2\/types\/post"}],"author":[{"embeddable":true,"href":"https:\/\/www.archivosfutmex.com\/wordpress\/wp-json\/wp\/v2\/users\/2"}],"replies":[{"embeddable":true,"href":"https:\/\/www.archivosfutmex.com\/wordpress\/wp-json\/wp\/v2\/comments?post=19469"}],"version-history":[{"count":1,"href":"https:\/\/www.archivosfutmex.com\/wordpress\/wp-json\/wp\/v2\/posts\/19469\/revisions"}],"predecessor-version":[{"id":19470,"href":"https:\/\/www.archivosfutmex.com\/wordpress\/wp-json\/wp\/v2\/posts\/19469\/revisions\/19470"}],"wp:attachment":[{"href":"https:\/\/www.archivosfutmex.com\/wordpress\/wp-json\/wp\/v2\/media?parent=19469"}],"wp:term":[{"taxonomy":"category","embeddable":true,"href":"https:\/\/www.archivosfutmex.com\/wordpress\/wp-json\/wp\/v2\/categories?post=19469"},{"taxonomy":"post_tag","embeddable":true,"href":"https:\/\/www.archivosfutmex.com\/wordpress\/wp-json\/wp\/v2\/tags?post=19469"}],"curies":[{"name":"wp","href":"https:\/\/api.w.org\/{rel}","templated":true}]}}