{"id":19473,"date":"2026-03-15T08:29:17","date_gmt":"2026-03-15T14:29:17","guid":{"rendered":"https:\/\/www.archivosfutmex.com\/wordpress\/?p=19473"},"modified":"2026-03-15T08:29:19","modified_gmt":"2026-03-15T14:29:19","slug":"segunda-lectura-de-hoy-domingo-15-de-la-carta-del-apostol-san-pablo-a-los-efesios-efesios-5-8-18","status":"publish","type":"post","link":"https:\/\/www.archivosfutmex.com\/wordpress\/archivos\/19473","title":{"rendered":"Segunda Lectura de Hoy Domingo 15, De la Carta del Ap\u00f3stol San Pablo a los Efesios , Efesios , 5, 8-18"},"content":{"rendered":"\n<p>Hermanos: En otro tiempo ustedes fueron tinieblas, pero ahora, unidos al Se\u00f1or, son luz. Vivan, por lo tanto, como hijos de la luz. Los frutos de la luz son la bondad, la santidad y la verdad. Busquen lo que es agradable al Se\u00f1or y no tomen parte en las obras est\u00e9riles de los que son tinieblas.<\/p>\n\n\n\n<p>Al contrario, repru\u00e9benlas abiertamente; porque, si bien las cosas que ellos hacen en secreto da verg\u00fcenza aun mencionarlas, al ser reprobadas abiertamente, todo queda en claro, porque todo lo que es iluminado por la luz se convierte en luz.<\/p>\n\n\n\n<p>Por eso se dice:&nbsp;<em>Despierta, t\u00fa que duermes; lev\u00e1ntate de entre los muertos y Cristo ser\u00e1 tu luz.<\/em><\/p>\n","protected":false},"excerpt":{"rendered":"<p>Hermanos: En otro tiempo ustedes fueron tinieblas, pero ahora, unidos al Se\u00f1or, son luz. Vivan, por lo tanto, como hijos de la luz. Los frutos de la luz son la bondad, la santidad y la verdad. Busquen lo que es agradable al Se\u00f1or y no tomen parte en las obras est\u00e9riles de los que son [&hellip;]<\/p>\n","protected":false},"author":2,"featured_media":0,"comment_status":"closed","ping_status":"closed","sticky":false,"template":"","format":"standard","meta":{"footnotes":""},"categories":[237],"tags":[],"class_list":["post-19473","post","type-post","status-publish","format-standard","hentry","category-segunda-lectura"],"_links":{"self":[{"href":"https:\/\/www.archivosfutmex.com\/wordpress\/wp-json\/wp\/v2\/posts\/19473","targetHints":{"allow":["GET"]}}],"collection":[{"href":"https:\/\/www.archivosfutmex.com\/wordpress\/wp-json\/wp\/v2\/posts"}],"about":[{"href":"https:\/\/www.archivosfutmex.com\/wordpress\/wp-json\/wp\/v2\/types\/post"}],"author":[{"embeddable":true,"href":"https:\/\/www.archivosfutmex.com\/wordpress\/wp-json\/wp\/v2\/users\/2"}],"replies":[{"embeddable":true,"href":"https:\/\/www.archivosfutmex.com\/wordpress\/wp-json\/wp\/v2\/comments?post=19473"}],"version-history":[{"count":1,"href":"https:\/\/www.archivosfutmex.com\/wordpress\/wp-json\/wp\/v2\/posts\/19473\/revisions"}],"predecessor-version":[{"id":19474,"href":"https:\/\/www.archivosfutmex.com\/wordpress\/wp-json\/wp\/v2\/posts\/19473\/revisions\/19474"}],"wp:attachment":[{"href":"https:\/\/www.archivosfutmex.com\/wordpress\/wp-json\/wp\/v2\/media?parent=19473"}],"wp:term":[{"taxonomy":"category","embeddable":true,"href":"https:\/\/www.archivosfutmex.com\/wordpress\/wp-json\/wp\/v2\/categories?post=19473"},{"taxonomy":"post_tag","embeddable":true,"href":"https:\/\/www.archivosfutmex.com\/wordpress\/wp-json\/wp\/v2\/tags?post=19473"}],"curies":[{"name":"wp","href":"https:\/\/api.w.org\/{rel}","templated":true}]}}