{"id":19475,"date":"2026-03-15T08:35:49","date_gmt":"2026-03-15T14:35:49","guid":{"rendered":"https:\/\/www.archivosfutmex.com\/wordpress\/?p=19475"},"modified":"2026-03-15T08:35:51","modified_gmt":"2026-03-15T14:35:51","slug":"el-santo-evangelio-de-hoy-domingo-15-del-santo-evangelio-segun-san-juan-jn-9-1-6-9-13-17-34-38","status":"publish","type":"post","link":"https:\/\/www.archivosfutmex.com\/wordpress\/archivos\/19475","title":{"rendered":"El Santo Evangelio de Hoy Domingo 15, Del Santo Evangelio seg\u00fan San Juan , Jn, 9 1-6 9 .13-17 34-38"},"content":{"rendered":"\n<p>Jn 9, 1. 6-9. 13-17. 34-38<\/p>\n\n\n\n<p>En aquel tiempo, Jes\u00fas vio al pasar a un ciego de nacimiento. Escupi\u00f3 en el suelo, hizo lodo con la saliva, se lo puso en los ojos al ciego y le dijo: \u201cVe a lavarte en la piscina de Silo\u00e9\u201d (que significa \u2018Enviado\u2019). \u00c9l fue, se lav\u00f3 y volvi\u00f3 con vista.<\/p>\n\n\n\n<p>Entonces los vecinos y los que lo hab\u00edan visto antes pidiendo limosna, preguntaban: \u201c\u00bfNo es \u00e9ste el que se sentaba a pedir limosna?\u201d Unos dec\u00edan: \u201cEs el mismo\u201d. Otros: \u201cNo es \u00e9l, sino que se le parece\u201d. Pero \u00e9l dec\u00eda: \u201cYo soy\u201d.&nbsp;<\/p>\n\n\n\n<p>Llevaron entonces ante los fariseos al que hab\u00eda sido ciego. Era s\u00e1bado el d\u00eda en que Jes\u00fas hizo lodo y le abri\u00f3 los ojos. Tambi\u00e9n los fariseos le preguntaron c\u00f3mo hab\u00eda adquirido la vista. \u00c9l les contest\u00f3: \u201cMe puso lodo en los ojos, me lav\u00e9 y veo\u201d. Algunos de los fariseos comentaban: \u201cEse hombre no viene de Dios, porque no guarda el s\u00e1bado\u201d. Otros replicaban: \u201c\u00bfC\u00f3mo puede un pecador hacer semejantes prodigios?\u201d Y hab\u00eda divisi\u00f3n entre ellos. Entonces volvieron a preguntarle al ciego: \u201cY t\u00fa, \u00bfqu\u00e9 piensas del que te abri\u00f3 los ojos?\u201d \u00c9l les contest\u00f3: \u201cQue es un profeta\u201d. Le replicaron: \u201cT\u00fa eres puro pecado desde que naciste, \u00bfc\u00f3mo pretendes darnos lecciones?\u201d Y lo echaron fuera.<\/p>\n\n\n\n<p>Supo Jes\u00fas que lo hab\u00edan echado fuera, y cuando lo encontr\u00f3, le dijo: \u201c\u00bfCrees t\u00fa en el Hijo del hombre?\u201d \u00c9l contest\u00f3: \u201c\u00bfY qui\u00e9n es, Se\u00f1or, para que yo crea en \u00e9l?\u201d Jes\u00fas le dijo: \u201cYa lo has visto; el que est\u00e1 hablando contigo, \u00e9se es\u201d. \u00c9l dijo: \u201cCreo, Se\u00f1or\u201d. Y postr\u00e1ndose, lo ador\u00f3<\/p>\n","protected":false},"excerpt":{"rendered":"<p>Jn 9, 1. 6-9. 13-17. 34-38 En aquel tiempo, Jes\u00fas vio al pasar a un ciego de nacimiento. Escupi\u00f3 en el suelo, hizo lodo con la saliva, se lo puso en los ojos al ciego y le dijo: \u201cVe a lavarte en la piscina de Silo\u00e9\u201d (que significa \u2018Enviado\u2019). \u00c9l fue, se lav\u00f3 y volvi\u00f3 [&hellip;]<\/p>\n","protected":false},"author":2,"featured_media":0,"comment_status":"closed","ping_status":"closed","sticky":false,"template":"","format":"standard","meta":{"footnotes":""},"categories":[165],"tags":[],"class_list":["post-19475","post","type-post","status-publish","format-standard","hentry","category-evangelio-de-hoy"],"_links":{"self":[{"href":"https:\/\/www.archivosfutmex.com\/wordpress\/wp-json\/wp\/v2\/posts\/19475","targetHints":{"allow":["GET"]}}],"collection":[{"href":"https:\/\/www.archivosfutmex.com\/wordpress\/wp-json\/wp\/v2\/posts"}],"about":[{"href":"https:\/\/www.archivosfutmex.com\/wordpress\/wp-json\/wp\/v2\/types\/post"}],"author":[{"embeddable":true,"href":"https:\/\/www.archivosfutmex.com\/wordpress\/wp-json\/wp\/v2\/users\/2"}],"replies":[{"embeddable":true,"href":"https:\/\/www.archivosfutmex.com\/wordpress\/wp-json\/wp\/v2\/comments?post=19475"}],"version-history":[{"count":1,"href":"https:\/\/www.archivosfutmex.com\/wordpress\/wp-json\/wp\/v2\/posts\/19475\/revisions"}],"predecessor-version":[{"id":19476,"href":"https:\/\/www.archivosfutmex.com\/wordpress\/wp-json\/wp\/v2\/posts\/19475\/revisions\/19476"}],"wp:attachment":[{"href":"https:\/\/www.archivosfutmex.com\/wordpress\/wp-json\/wp\/v2\/media?parent=19475"}],"wp:term":[{"taxonomy":"category","embeddable":true,"href":"https:\/\/www.archivosfutmex.com\/wordpress\/wp-json\/wp\/v2\/categories?post=19475"},{"taxonomy":"post_tag","embeddable":true,"href":"https:\/\/www.archivosfutmex.com\/wordpress\/wp-json\/wp\/v2\/tags?post=19475"}],"curies":[{"name":"wp","href":"https:\/\/api.w.org\/{rel}","templated":true}]}}