{"id":19477,"date":"2026-03-15T08:37:27","date_gmt":"2026-03-15T14:37:27","guid":{"rendered":"https:\/\/www.archivosfutmex.com\/wordpress\/?p=19477"},"modified":"2026-03-15T08:37:29","modified_gmt":"2026-03-15T14:37:29","slug":"palabras-de-los-papas-116","status":"publish","type":"post","link":"https:\/\/www.archivosfutmex.com\/wordpress\/archivos\/19477","title":{"rendered":"PALABRAS DE LOS PAPAS"},"content":{"rendered":"\n<p>Deteng\u00e1monos brevemente en el relato del ciego de nacimiento (cf.\u00a0Jn\u00a09, 1-41). Los disc\u00edpulos, seg\u00fan la mentalidad com\u00fan de aquel tiempo, dan por descontado que su ceguera es consecuencia de un pecado suyo o de sus padres. Jes\u00fas, por el contrario, rechaza este prejuicio y afirma: \u00abNi este pec\u00f3 ni sus padres; es para que se manifiesten en \u00e9l las obras de Dios\u00bb (Jn\u00a09, 3). \u00a1Qu\u00e9 consuelo nos proporcionan estas palabras! Nos hacen escuchar la voz viva de Dios, que es Amor providencial y sabio. Ante el hombre marcado por su limitaci\u00f3n y por el sufrimiento, Jes\u00fas no piensa en posibles culpas, sino en la voluntad de Dios que ha creado al hombre para la vida.\u00a0(\u2026) Al ciego curado Jes\u00fas le revela que ha venido al mundo para realizar un juicio, para separar a los ciegos curables de aquellos que no se dejan curar, porque presumen de sanos. En efecto, en el hombre es fuerte la tentaci\u00f3n de construirse un sistema de seguridad ideol\u00f3gico: incluso la religi\u00f3n puede convertirse en un elemento de este sistema, como el ate\u00edsmo o el laicismo, pero de este modo uno queda cegado por su propio ego\u00edsmo.\u00a0 (\u2026) dej\u00e9monos curar por Jes\u00fas, que puede y quiere darnos la luz de Dios. Confesemos nuestra ceguera, nuestra miop\u00eda y, sobre todo, lo que la Biblia llama el \u00abgran pecado\u00bb (cf.\u00a0Sal\u00a019, 14): el orgullo.\u00a0 (Benedicto XIV &#8211; Angelus, 2 marzo 2008)<\/p>\n","protected":false},"excerpt":{"rendered":"<p>Deteng\u00e1monos brevemente en el relato del ciego de nacimiento (cf.\u00a0Jn\u00a09, 1-41). Los disc\u00edpulos, seg\u00fan la mentalidad com\u00fan de aquel tiempo, dan por descontado que su ceguera es consecuencia de un pecado suyo o de sus padres. Jes\u00fas, por el contrario, rechaza este prejuicio y afirma: \u00abNi este pec\u00f3 ni sus padres; es para que se [&hellip;]<\/p>\n","protected":false},"author":2,"featured_media":0,"comment_status":"closed","ping_status":"closed","sticky":false,"template":"","format":"standard","meta":{"footnotes":""},"categories":[229],"tags":[],"class_list":["post-19477","post","type-post","status-publish","format-standard","hentry","category-palabras-del-santo-padre"],"_links":{"self":[{"href":"https:\/\/www.archivosfutmex.com\/wordpress\/wp-json\/wp\/v2\/posts\/19477","targetHints":{"allow":["GET"]}}],"collection":[{"href":"https:\/\/www.archivosfutmex.com\/wordpress\/wp-json\/wp\/v2\/posts"}],"about":[{"href":"https:\/\/www.archivosfutmex.com\/wordpress\/wp-json\/wp\/v2\/types\/post"}],"author":[{"embeddable":true,"href":"https:\/\/www.archivosfutmex.com\/wordpress\/wp-json\/wp\/v2\/users\/2"}],"replies":[{"embeddable":true,"href":"https:\/\/www.archivosfutmex.com\/wordpress\/wp-json\/wp\/v2\/comments?post=19477"}],"version-history":[{"count":1,"href":"https:\/\/www.archivosfutmex.com\/wordpress\/wp-json\/wp\/v2\/posts\/19477\/revisions"}],"predecessor-version":[{"id":19478,"href":"https:\/\/www.archivosfutmex.com\/wordpress\/wp-json\/wp\/v2\/posts\/19477\/revisions\/19478"}],"wp:attachment":[{"href":"https:\/\/www.archivosfutmex.com\/wordpress\/wp-json\/wp\/v2\/media?parent=19477"}],"wp:term":[{"taxonomy":"category","embeddable":true,"href":"https:\/\/www.archivosfutmex.com\/wordpress\/wp-json\/wp\/v2\/categories?post=19477"},{"taxonomy":"post_tag","embeddable":true,"href":"https:\/\/www.archivosfutmex.com\/wordpress\/wp-json\/wp\/v2\/tags?post=19477"}],"curies":[{"name":"wp","href":"https:\/\/api.w.org\/{rel}","templated":true}]}}