{"id":1966,"date":"2016-09-19T17:38:13","date_gmt":"2016-09-19T22:38:13","guid":{"rendered":"http:\/\/www.archivosfutmex.com\/wordpress\/?p=1966"},"modified":"2016-10-03T12:53:08","modified_gmt":"2016-10-03T17:53:08","slug":"chivas-los-numeros-de-matias-almeyda-con-chivas-desde-el-20-de-septiembre-2015-archivosfutmex-com","status":"publish","type":"post","link":"https:\/\/www.archivosfutmex.com\/wordpress\/archivos\/1966","title":{"rendered":"Chivas : Los N\u00fameros de Mat\u00edas Almeyda Con Chivas , Desde el 20 de Septiembre 2015&#8230;Archivosfutmex.com"},"content":{"rendered":"<p>Los N\u00fameros de Mat\u00edas Almeyda Con Chivas.<\/p>\n<p>&nbsp;<\/p>\n<p>52 Partidos Oficiales, Del Domingo 20 de Septiembre 2015 al S\u00e1bado 17 Septiembre 016<\/p>\n<p>&nbsp;<\/p>\n<p>37 Partidos de Liga de los Cuales 2 fueron de Liguilla (Contra Am\u00e9rica)<\/p>\n<p>15 Partidos de Copa M\u00e9xico de los Cuales 2 son Finales ( 2 T\u00edtulos) (Le\u00f3n , Veracruz)<\/p>\n<p>&nbsp;<\/p>\n<p>22 Partidos Ganados<\/p>\n<p>15 Partidos Empatados<\/p>\n<p>14 Partidos Perdidos<\/p>\n<p>&nbsp;<\/p>\n<p>Archivosfutmex.com<\/p>\n<p>FACEBOOK: GUILLERMO GLORIA FONSECA<\/p>\n<p>E- MAIL : <a href=\"mailto:guillermogloria3@gmail.com\">guillermogloria3@gmail.com<\/a><\/p>\n<p>&nbsp;<\/p>\n<p>&nbsp;<\/p>\n<p>&nbsp;<\/p>\n","protected":false},"excerpt":{"rendered":"<p>Los N\u00fameros de Mat\u00edas Almeyda Con Chivas. &nbsp; 52 Partidos Oficiales, Del Domingo 20 de Septiembre 2015 al S\u00e1bado 17 Septiembre 016 &nbsp; 37 Partidos de Liga de los Cuales 2 fueron de Liguilla (Contra Am\u00e9rica) 15 Partidos de Copa M\u00e9xico de los Cuales 2 son Finales ( 2 T\u00edtulos) (Le\u00f3n , Veracruz) &nbsp; 22 [&hellip;]<\/p>\n","protected":false},"author":2,"featured_media":0,"comment_status":"closed","ping_status":"closed","sticky":false,"template":"","format":"standard","meta":{"footnotes":""},"categories":[5],"tags":[],"class_list":["post-1966","post","type-post","status-publish","format-standard","hentry","category-chivas"],"_links":{"self":[{"href":"https:\/\/www.archivosfutmex.com\/wordpress\/wp-json\/wp\/v2\/posts\/1966","targetHints":{"allow":["GET"]}}],"collection":[{"href":"https:\/\/www.archivosfutmex.com\/wordpress\/wp-json\/wp\/v2\/posts"}],"about":[{"href":"https:\/\/www.archivosfutmex.com\/wordpress\/wp-json\/wp\/v2\/types\/post"}],"author":[{"embeddable":true,"href":"https:\/\/www.archivosfutmex.com\/wordpress\/wp-json\/wp\/v2\/users\/2"}],"replies":[{"embeddable":true,"href":"https:\/\/www.archivosfutmex.com\/wordpress\/wp-json\/wp\/v2\/comments?post=1966"}],"version-history":[{"count":0,"href":"https:\/\/www.archivosfutmex.com\/wordpress\/wp-json\/wp\/v2\/posts\/1966\/revisions"}],"wp:attachment":[{"href":"https:\/\/www.archivosfutmex.com\/wordpress\/wp-json\/wp\/v2\/media?parent=1966"}],"wp:term":[{"taxonomy":"category","embeddable":true,"href":"https:\/\/www.archivosfutmex.com\/wordpress\/wp-json\/wp\/v2\/categories?post=1966"},{"taxonomy":"post_tag","embeddable":true,"href":"https:\/\/www.archivosfutmex.com\/wordpress\/wp-json\/wp\/v2\/tags?post=1966"}],"curies":[{"name":"wp","href":"https:\/\/api.w.org\/{rel}","templated":true}]}}