{"id":20323,"date":"2026-04-27T19:58:33","date_gmt":"2026-04-28T01:58:33","guid":{"rendered":"https:\/\/www.archivosfutmex.com\/wordpress\/?p=20323"},"modified":"2026-04-27T19:58:34","modified_gmt":"2026-04-28T01:58:34","slug":"el-santo-evangelio-de-manana-martes-del-evangelio-segun-san-juan-jn-10-22-30","status":"publish","type":"post","link":"https:\/\/www.archivosfutmex.com\/wordpress\/archivos\/20323","title":{"rendered":"El Santo Evangelio de Ma\u00f1ana Martes , Del Evangelio seg\u00fan San Juan , Jn 10, 22-30"},"content":{"rendered":"\n<p>Por aquellos d\u00edas, se celebraba en Jerusal\u00e9n la fiesta de la dedicaci\u00f3n del templo. Era invierno. Jes\u00fas se paseaba por el templo, bajo el p\u00f3rtico de Salom\u00f3n. Entonces lo rodearon los jud\u00edos y le preguntaron: \u201c\u00bfHasta cu\u00e1ndo nos vas a tener en suspenso? Si t\u00fa eres el Mes\u00edas, d\u00ednoslo claramente\u201d.<\/p>\n\n\n\n<p>Jes\u00fas les respondi\u00f3: \u201cYa se lo he dicho y no me creen. Las obras que hago en nombre de mi Padre dan testimonio de m\u00ed, pero ustedes no creen, porque no son de mis ovejas. Mis ovejas escuchan mi voz; yo las conozco y ellas me siguen. Yo les doy la vida eterna y no perecer\u00e1n jam\u00e1s; nadie las arrebatar\u00e1 de mi mano. Me las ha dado mi Padre, y \u00e9l es superior a todos, y nadie puede arrebatarlas de la mano del Padre. El Padre y yo somos uno\u201d.<\/p>\n","protected":false},"excerpt":{"rendered":"<p>Por aquellos d\u00edas, se celebraba en Jerusal\u00e9n la fiesta de la dedicaci\u00f3n del templo. Era invierno. Jes\u00fas se paseaba por el templo, bajo el p\u00f3rtico de Salom\u00f3n. Entonces lo rodearon los jud\u00edos y le preguntaron: \u201c\u00bfHasta cu\u00e1ndo nos vas a tener en suspenso? Si t\u00fa eres el Mes\u00edas, d\u00ednoslo claramente\u201d. Jes\u00fas les respondi\u00f3: \u201cYa se [&hellip;]<\/p>\n","protected":false},"author":2,"featured_media":0,"comment_status":"closed","ping_status":"closed","sticky":false,"template":"","format":"standard","meta":{"footnotes":""},"categories":[165],"tags":[],"class_list":["post-20323","post","type-post","status-publish","format-standard","hentry","category-evangelio-de-hoy"],"_links":{"self":[{"href":"https:\/\/www.archivosfutmex.com\/wordpress\/wp-json\/wp\/v2\/posts\/20323","targetHints":{"allow":["GET"]}}],"collection":[{"href":"https:\/\/www.archivosfutmex.com\/wordpress\/wp-json\/wp\/v2\/posts"}],"about":[{"href":"https:\/\/www.archivosfutmex.com\/wordpress\/wp-json\/wp\/v2\/types\/post"}],"author":[{"embeddable":true,"href":"https:\/\/www.archivosfutmex.com\/wordpress\/wp-json\/wp\/v2\/users\/2"}],"replies":[{"embeddable":true,"href":"https:\/\/www.archivosfutmex.com\/wordpress\/wp-json\/wp\/v2\/comments?post=20323"}],"version-history":[{"count":1,"href":"https:\/\/www.archivosfutmex.com\/wordpress\/wp-json\/wp\/v2\/posts\/20323\/revisions"}],"predecessor-version":[{"id":20324,"href":"https:\/\/www.archivosfutmex.com\/wordpress\/wp-json\/wp\/v2\/posts\/20323\/revisions\/20324"}],"wp:attachment":[{"href":"https:\/\/www.archivosfutmex.com\/wordpress\/wp-json\/wp\/v2\/media?parent=20323"}],"wp:term":[{"taxonomy":"category","embeddable":true,"href":"https:\/\/www.archivosfutmex.com\/wordpress\/wp-json\/wp\/v2\/categories?post=20323"},{"taxonomy":"post_tag","embeddable":true,"href":"https:\/\/www.archivosfutmex.com\/wordpress\/wp-json\/wp\/v2\/tags?post=20323"}],"curies":[{"name":"wp","href":"https:\/\/api.w.org\/{rel}","templated":true}]}}