{"id":20328,"date":"2026-05-01T11:56:56","date_gmt":"2026-05-01T17:56:56","guid":{"rendered":"https:\/\/www.archivosfutmex.com\/wordpress\/?p=20328"},"modified":"2026-05-01T11:56:57","modified_gmt":"2026-05-01T17:56:57","slug":"el-santo-evangelio-de-hoy-viernes-del-evangelio-segun-juan-jn-41-6","status":"publish","type":"post","link":"https:\/\/www.archivosfutmex.com\/wordpress\/archivos\/20328","title":{"rendered":"El Santo Evangelio de Hoy Viernes , Del Evangelio seg\u00fan Juan . Jn 4,1-6"},"content":{"rendered":"\n<p>En aquel tiempo, Jes\u00fas dijo a sus disc\u00edpulos: \u201cNo pierdan la paz. Si creen en Dios, crean tambi\u00e9n en m\u00ed. En la casa de mi Padre hay muchas habitaciones. Si no fuera as\u00ed, yo se lo habr\u00eda dicho a ustedes, porque ahora voy a prepararles un lugar. Cuando me vaya y les prepare un sitio, volver\u00e9 y los llevar\u00e9 conmigo, para que donde yo est\u00e9, est\u00e9n tambi\u00e9n ustedes. Y ya saben el camino para llegar al lugar a donde voy\u201d.<\/p>\n\n\n\n<p>Entonces Tom\u00e1s le dijo: \u201cSe\u00f1or, no sabemos a d\u00f3nde vas, \u00bfc\u00f3mo podemos saber el camino?\u201d Jes\u00fas le respondi\u00f3: \u201cYo soy el camino, la verdad y la vida. Nadie va al Padre si no es por m\u00ed\u201d.<\/p>\n","protected":false},"excerpt":{"rendered":"<p>En aquel tiempo, Jes\u00fas dijo a sus disc\u00edpulos: \u201cNo pierdan la paz. Si creen en Dios, crean tambi\u00e9n en m\u00ed. En la casa de mi Padre hay muchas habitaciones. Si no fuera as\u00ed, yo se lo habr\u00eda dicho a ustedes, porque ahora voy a prepararles un lugar. Cuando me vaya y les prepare un sitio, [&hellip;]<\/p>\n","protected":false},"author":2,"featured_media":0,"comment_status":"closed","ping_status":"closed","sticky":false,"template":"","format":"standard","meta":{"footnotes":""},"categories":[165],"tags":[],"class_list":["post-20328","post","type-post","status-publish","format-standard","hentry","category-evangelio-de-hoy"],"_links":{"self":[{"href":"https:\/\/www.archivosfutmex.com\/wordpress\/wp-json\/wp\/v2\/posts\/20328","targetHints":{"allow":["GET"]}}],"collection":[{"href":"https:\/\/www.archivosfutmex.com\/wordpress\/wp-json\/wp\/v2\/posts"}],"about":[{"href":"https:\/\/www.archivosfutmex.com\/wordpress\/wp-json\/wp\/v2\/types\/post"}],"author":[{"embeddable":true,"href":"https:\/\/www.archivosfutmex.com\/wordpress\/wp-json\/wp\/v2\/users\/2"}],"replies":[{"embeddable":true,"href":"https:\/\/www.archivosfutmex.com\/wordpress\/wp-json\/wp\/v2\/comments?post=20328"}],"version-history":[{"count":1,"href":"https:\/\/www.archivosfutmex.com\/wordpress\/wp-json\/wp\/v2\/posts\/20328\/revisions"}],"predecessor-version":[{"id":20329,"href":"https:\/\/www.archivosfutmex.com\/wordpress\/wp-json\/wp\/v2\/posts\/20328\/revisions\/20329"}],"wp:attachment":[{"href":"https:\/\/www.archivosfutmex.com\/wordpress\/wp-json\/wp\/v2\/media?parent=20328"}],"wp:term":[{"taxonomy":"category","embeddable":true,"href":"https:\/\/www.archivosfutmex.com\/wordpress\/wp-json\/wp\/v2\/categories?post=20328"},{"taxonomy":"post_tag","embeddable":true,"href":"https:\/\/www.archivosfutmex.com\/wordpress\/wp-json\/wp\/v2\/tags?post=20328"}],"curies":[{"name":"wp","href":"https:\/\/api.w.org\/{rel}","templated":true}]}}