{"id":2102,"date":"2016-11-10T18:30:41","date_gmt":"2016-11-11T00:30:41","guid":{"rendered":"http:\/\/www.archivosfutmex.com\/wordpress\/?p=2102"},"modified":"2016-11-10T18:30:41","modified_gmt":"2016-11-11T00:30:41","slug":"6-veces-se-han-enfrentado-mexico-ante-panama-en-eliminatorias-mundialistas-desde-japon-corea-2002-archivosfutmex-com","status":"publish","type":"post","link":"https:\/\/www.archivosfutmex.com\/wordpress\/archivos\/2102","title":{"rendered":"6 Veces se Han Enfrentado M\u00e9xico ante Panam\u00e1 en Eliminatorias Mundialistas , Desde Jap\u00f3n &#8211; Corea 2002&#8230;.Archivosfutmex.com"},"content":{"rendered":"<p>SELECCI\u00d3N MEXICANA Vs PANAM\u00c1 En Eliminatorias Mundialistas<\/p>\n<p>&nbsp;<\/p>\n<p>&nbsp;<\/p>\n<p>Para\u00a0 Corea- Jap\u00f3n 2002<\/p>\n<p>&nbsp;<\/p>\n<p>Domingo\/ 16\/ Julio \/ 2000\u00a0\u00a0\u00a0\u00a0\u00a0\u00a0\u00a0\u00a0\u00a0\u00a0\u00a0\u00a0\u00a0\u00a0\u00a0\u00a0\u00a0\u00a0\u00a0\u00a0\u00a0\u00a0\u00a0\u00a0 En Panam\u00e1<\/p>\n<p>Panam\u00e1 -0\u00a0\u00a0\u00a0\u00a0\u00a0\u00a0\u00a0\u00a0\u00a0\u00a0\u00a0\u00a0\u00a0\u00a0\u00a0\u00a0\u00a0\u00a0\u00a0\u00a0 M\u00e9xico- 1<\/p>\n<p>Miguel Zepeda<\/p>\n<p>&nbsp;<\/p>\n<p>&nbsp;<\/p>\n<p>3\/Septiembre\/ 2000\u00a0\u00a0\u00a0\u00a0\u00a0\u00a0\u00a0\u00a0\u00a0\u00a0\u00a0\u00a0\u00a0\u00a0\u00a0\u00a0\u00a0\u00a0\u00a0\u00a0\u00a0\u00a0\u00a0\u00a0\u00a0 Estadio Azteca<\/p>\n<p>M\u00e9xico-7\u00a0\u00a0\u00a0\u00a0\u00a0\u00a0\u00a0\u00a0\u00a0\u00a0\u00a0\u00a0\u00a0\u00a0\u00a0\u00a0\u00a0\u00a0\u00a0\u00a0\u00a0\u00a0 Panam\u00e1-1<\/p>\n<p>V\u00edctor Ruiz (Penalti)<\/p>\n<p>Juan Manuel Abundis<\/p>\n<p>Miguel Zepeda<\/p>\n<p>Cuauht\u00e9moc Blanco (2)<\/p>\n<p>Rafael M\u00e1rquez<\/p>\n<p>Ram\u00f3n Ram\u00edrez<\/p>\n<p>&nbsp;<\/p>\n<p>&nbsp;<\/p>\n<p>Para Alemania 2006<\/p>\n<p>&nbsp;<\/p>\n<p>30\/marzo \/2005\u00a0\u00a0\u00a0\u00a0\u00a0\u00a0\u00a0\u00a0\u00a0\u00a0\u00a0\u00a0\u00a0\u00a0\u00a0\u00a0\u00a0\u00a0\u00a0\u00a0\u00a0\u00a0\u00a0\u00a0\u00a0\u00a0\u00a0\u00a0\u00a0\u00a0\u00a0 Ciudad de Panam\u00e1<\/p>\n<p>Panam\u00e1 -1\u00a0\u00a0\u00a0\u00a0\u00a0\u00a0\u00a0\u00a0\u00a0\u00a0\u00a0\u00a0\u00a0\u00a0\u00a0\u00a0\u00a0\u00a0\u00a0\u00a0 M\u00e9xico- 1<\/p>\n<p>Ram\u00f3n Morales<\/p>\n<p>&nbsp;<\/p>\n<p>Septiembre\/ 7\/ 2005\u00a0\u00a0\u00a0\u00a0\u00a0\u00a0\u00a0\u00a0\u00a0\u00a0\u00a0\u00a0\u00a0\u00a0\u00a0\u00a0\u00a0\u00a0\u00a0\u00a0\u00a0\u00a0\u00a0\u00a0 Estadio Azteca<\/p>\n<p>M\u00e9xico -5\u00a0\u00a0\u00a0\u00a0\u00a0\u00a0\u00a0\u00a0\u00a0\u00a0\u00a0\u00a0\u00a0\u00a0\u00a0\u00a0\u00a0\u00a0\u00a0\u00a0\u00a0 Panam\u00e1-0<\/p>\n<p>Lu\u00eds P\u00e9rez<\/p>\n<p>Rafael M\u00e1rquez<\/p>\n<p>Jared Borgetti<\/p>\n<p>Francisco \u201cKik\u00edn\u201d Fonseca<\/p>\n<p>P\u00e1vel Pardo<\/p>\n<p>&nbsp;<\/p>\n<p>&nbsp;<\/p>\n<p>Para Brasil 2014<\/p>\n<p>7 de Junio 2013\u00a0\u00a0\u00a0\u00a0\u00a0\u00a0\u00a0\u00a0\u00a0\u00a0\u00a0\u00a0\u00a0\u00a0\u00a0\u00a0\u00a0\u00a0\u00a0\u00a0\u00a0 En Ciudad de Panam\u00e1<\/p>\n<p>&nbsp;<\/p>\n<p>Panam\u00e1 \u2013 0\u00a0\u00a0\u00a0\u00a0\u00a0\u00a0\u00a0\u00a0\u00a0 \u00a0\u00a0\u00a0\u00a0\u00a0\u00a0\u00a0\u00a0\u00a0\u00a0\u00a0\u00a0\u00a0\u00a0\u00a0\u00a0\u00a0\u00a0 M\u00e9xico \u2013 0<\/p>\n<p>&nbsp;<\/p>\n<p>11 de Octubre 2013\u00a0\u00a0\u00a0\u00a0\u00a0\u00a0\u00a0\u00a0\u00a0\u00a0\u00a0\u00a0\u00a0\u00a0\u00a0\u00a0\u00a0\u00a0\u00a0\u00a0\u00a0\u00a0\u00a0\u00a0 En Ciudad de M\u00e9xico<\/p>\n<p>M\u00e9xico \u2013 2 \u00a0\u00a0\u00a0\u00a0\u00a0\u00a0\u00a0\u00a0\u00a0\u00a0\u00a0\u00a0\u00a0\u00a0\u00a0\u00a0\u00a0\u00a0 Panam\u00e1 \u2013 1<\/p>\n<p>Oribe Peralta\u00a0\u00a0\u00a0\u00a0\u00a0\u00a0\u00a0\u00a0\u00a0\u00a0\u00a0\u00a0\u00a0\u00a0\u00a0\u00a0 \u00a0\u00a0\u00a0\u00a0\u00a0\u00a0\u00a0\u00a0 Luis Tejeda<\/p>\n<p>Ra\u00fal Jim\u00e9nez<\/p>\n<p>&nbsp;<\/p>\n<p>Archivosfutmex.com<\/p>\n<p>FACEBOOK: GUILLERMO GLORIA FONSECA<\/p>\n<p>&nbsp;<\/p>\n<p>&nbsp;<\/p>\n<p>&nbsp;<\/p>\n<p>&nbsp;<\/p>\n<p>&nbsp;<\/p>\n<p>&nbsp;<\/p>\n<p>&nbsp;<\/p>\n","protected":false},"excerpt":{"rendered":"<p>SELECCI\u00d3N MEXICANA Vs PANAM\u00c1 En Eliminatorias Mundialistas &nbsp; &nbsp; Para\u00a0 Corea- Jap\u00f3n 2002 &nbsp; Domingo\/ 16\/ Julio \/ 2000\u00a0\u00a0\u00a0\u00a0\u00a0\u00a0\u00a0\u00a0\u00a0\u00a0\u00a0\u00a0\u00a0\u00a0\u00a0\u00a0\u00a0\u00a0\u00a0\u00a0\u00a0\u00a0\u00a0\u00a0 En Panam\u00e1 Panam\u00e1 -0\u00a0\u00a0\u00a0\u00a0\u00a0\u00a0\u00a0\u00a0\u00a0\u00a0\u00a0\u00a0\u00a0\u00a0\u00a0\u00a0\u00a0\u00a0\u00a0\u00a0 M\u00e9xico- 1 Miguel Zepeda &nbsp; &nbsp; 3\/Septiembre\/ 2000\u00a0\u00a0\u00a0\u00a0\u00a0\u00a0\u00a0\u00a0\u00a0\u00a0\u00a0\u00a0\u00a0\u00a0\u00a0\u00a0\u00a0\u00a0\u00a0\u00a0\u00a0\u00a0\u00a0\u00a0\u00a0 Estadio Azteca M\u00e9xico-7\u00a0\u00a0\u00a0\u00a0\u00a0\u00a0\u00a0\u00a0\u00a0\u00a0\u00a0\u00a0\u00a0\u00a0\u00a0\u00a0\u00a0\u00a0\u00a0\u00a0\u00a0\u00a0 Panam\u00e1-1 V\u00edctor Ruiz (Penalti) Juan Manuel Abundis Miguel Zepeda Cuauht\u00e9moc Blanco (2) Rafael M\u00e1rquez Ram\u00f3n Ram\u00edrez &nbsp; &nbsp; Para Alemania 2006 [&hellip;]<\/p>\n","protected":false},"author":2,"featured_media":0,"comment_status":"closed","ping_status":"closed","sticky":false,"template":"","format":"standard","meta":{"footnotes":""},"categories":[9],"tags":[],"class_list":["post-2102","post","type-post","status-publish","format-standard","hentry","category-seleccion"],"_links":{"self":[{"href":"https:\/\/www.archivosfutmex.com\/wordpress\/wp-json\/wp\/v2\/posts\/2102","targetHints":{"allow":["GET"]}}],"collection":[{"href":"https:\/\/www.archivosfutmex.com\/wordpress\/wp-json\/wp\/v2\/posts"}],"about":[{"href":"https:\/\/www.archivosfutmex.com\/wordpress\/wp-json\/wp\/v2\/types\/post"}],"author":[{"embeddable":true,"href":"https:\/\/www.archivosfutmex.com\/wordpress\/wp-json\/wp\/v2\/users\/2"}],"replies":[{"embeddable":true,"href":"https:\/\/www.archivosfutmex.com\/wordpress\/wp-json\/wp\/v2\/comments?post=2102"}],"version-history":[{"count":0,"href":"https:\/\/www.archivosfutmex.com\/wordpress\/wp-json\/wp\/v2\/posts\/2102\/revisions"}],"wp:attachment":[{"href":"https:\/\/www.archivosfutmex.com\/wordpress\/wp-json\/wp\/v2\/media?parent=2102"}],"wp:term":[{"taxonomy":"category","embeddable":true,"href":"https:\/\/www.archivosfutmex.com\/wordpress\/wp-json\/wp\/v2\/categories?post=2102"},{"taxonomy":"post_tag","embeddable":true,"href":"https:\/\/www.archivosfutmex.com\/wordpress\/wp-json\/wp\/v2\/tags?post=2102"}],"curies":[{"name":"wp","href":"https:\/\/api.w.org\/{rel}","templated":true}]}}