{"id":2386,"date":"2017-04-05T06:07:54","date_gmt":"2017-04-05T11:07:54","guid":{"rendered":"http:\/\/www.archivosfutmex.com\/wordpress\/?p=2386"},"modified":"2017-04-05T06:07:54","modified_gmt":"2017-04-05T11:07:54","slug":"chivas-monterrey-en-la-copa-mexico-desde-1968-archivosfutmex-com","status":"publish","type":"post","link":"https:\/\/www.archivosfutmex.com\/wordpress\/archivos\/2386","title":{"rendered":"Chivas &#8211; Monterrey en La Copa M\u00e9xico , Desde 1968&#8230;Archivosfutmex.com"},"content":{"rendered":"<p>Chivas Monterrey en la Copa M\u00e9xico \u00a0desde 1968<\/p>\n<p>&nbsp;<\/p>\n<p>Monterrey &#8211;\u00a0 1\u00a0\u00a0\u00a0\u00a0 Chivas &#8211; 0\u00a0\u00a0\u00a0\u00a0\u00a0\u00a0\u00a0\u00a0\u00a0\u00a0\u00a0 S\u00e1bado 17 Agosto 91 \/ Estadio Tecn\u00f3logico<\/p>\n<p>Germ\u00e1n Martelotto<\/p>\n<p>&nbsp;<\/p>\n<p>Expulsado .: Daniel Corral ( Chivas)<\/p>\n<p>Jug\u00f3 Con Chivas \u00a0un Ortega<\/p>\n<p>&nbsp;<\/p>\n<p>Chivas &#8211; 3\u00a0\u00a0\u00a0\u00a0\u00a0\u00a0\u00a0\u00a0\u00a0\u00a0\u00a0 Monterrey &#8211; 0 \u00a0\u00a0Mi\u00e9rcoles 21 de Agosto 1991 Estadio Jalisco<\/p>\n<p>Mario Arteaga<\/p>\n<p>Eugenio Constantino<\/p>\n<p>Benjam\u00edn Galindo ( Tiro Libre)<\/p>\n<p>&nbsp;<\/p>\n<p>Nota : Debut\u00f3 Manuel Vidrio<\/p>\n<p>&nbsp;<\/p>\n<p>&nbsp;<\/p>\n<p>1975 \u2013 76 \u00a0Torneo jugado Por Jornadas<\/p>\n<p>Monterrey &#8211; \u00a0\u00a0\u00a0\u00a0\u00a0\u00a0\u00a0 2\u00a0\u00a0\u00a0\u00a0\u00a0\u00a0\u00a0\u00a0\u00a0\u00a0\u00a0\u00a0\u00a0\u00a0\u00a0\u00a0 Chivas \u2013 1\u00a0 Mi\u00e9rcoles 10 Septiembre 1975<\/p>\n<p>Rub\u00e9n Romeo Corbo\u00a0\u00a0\u00a0 Cirilo Peralta<\/p>\n<p>Francisco Sol\u00eds<\/p>\n<p>Francisco Bertochi Fall\u00f3 un Penalti ( Detenido Por Salvador Kuri)<\/p>\n<p>&nbsp;<\/p>\n<p>Chivas &#8211; 1\u00a0\u00a0\u00a0\u00a0\u00a0\u00a0\u00a0\u00a0\u00a0\u00a0\u00a0 Monterrey \u2013 1<\/p>\n<p>Rub\u00e9n C\u00e1rdenas\u00a0\u00a0\u00a0\u00a0\u00a0\u00a0\u00a0\u00a0\u00a0\u00a0\u00a0 Jos\u00e9 Luis Sald\u00edvar<\/p>\n<p>&nbsp;<\/p>\n<p>Entrenador del Monterrey: Ignacio J\u00e1uregui<\/p>\n<p>&nbsp;<\/p>\n<p>Archivosfutmex.com<\/p>\n<p>FACEBOOK : GUILLERMO GLORIA FONSECA<\/p>\n<p>E- MAIL: <a href=\"mailto:guillermogloria3@gmail.com\">guillermogloria3@gmail.com<\/a><\/p>\n<p>&nbsp;<\/p>\n<p>&nbsp;<\/p>\n","protected":false},"excerpt":{"rendered":"<p>Chivas Monterrey en la Copa M\u00e9xico \u00a0desde 1968 &nbsp; Monterrey &#8211;\u00a0 1\u00a0\u00a0\u00a0\u00a0 Chivas &#8211; 0\u00a0\u00a0\u00a0\u00a0\u00a0\u00a0\u00a0\u00a0\u00a0\u00a0\u00a0 S\u00e1bado 17 Agosto 91 \/ Estadio Tecn\u00f3logico Germ\u00e1n Martelotto &nbsp; Expulsado .: Daniel Corral ( Chivas) Jug\u00f3 Con Chivas \u00a0un Ortega &nbsp; Chivas &#8211; 3\u00a0\u00a0\u00a0\u00a0\u00a0\u00a0\u00a0\u00a0\u00a0\u00a0\u00a0 Monterrey &#8211; 0 \u00a0\u00a0Mi\u00e9rcoles 21 de Agosto 1991 Estadio Jalisco Mario Arteaga Eugenio Constantino Benjam\u00edn [&hellip;]<\/p>\n","protected":false},"author":2,"featured_media":0,"comment_status":"closed","ping_status":"closed","sticky":false,"template":"","format":"standard","meta":{"footnotes":""},"categories":[5],"tags":[],"class_list":["post-2386","post","type-post","status-publish","format-standard","hentry","category-chivas"],"_links":{"self":[{"href":"https:\/\/www.archivosfutmex.com\/wordpress\/wp-json\/wp\/v2\/posts\/2386","targetHints":{"allow":["GET"]}}],"collection":[{"href":"https:\/\/www.archivosfutmex.com\/wordpress\/wp-json\/wp\/v2\/posts"}],"about":[{"href":"https:\/\/www.archivosfutmex.com\/wordpress\/wp-json\/wp\/v2\/types\/post"}],"author":[{"embeddable":true,"href":"https:\/\/www.archivosfutmex.com\/wordpress\/wp-json\/wp\/v2\/users\/2"}],"replies":[{"embeddable":true,"href":"https:\/\/www.archivosfutmex.com\/wordpress\/wp-json\/wp\/v2\/comments?post=2386"}],"version-history":[{"count":0,"href":"https:\/\/www.archivosfutmex.com\/wordpress\/wp-json\/wp\/v2\/posts\/2386\/revisions"}],"wp:attachment":[{"href":"https:\/\/www.archivosfutmex.com\/wordpress\/wp-json\/wp\/v2\/media?parent=2386"}],"wp:term":[{"taxonomy":"category","embeddable":true,"href":"https:\/\/www.archivosfutmex.com\/wordpress\/wp-json\/wp\/v2\/categories?post=2386"},{"taxonomy":"post_tag","embeddable":true,"href":"https:\/\/www.archivosfutmex.com\/wordpress\/wp-json\/wp\/v2\/tags?post=2386"}],"curies":[{"name":"wp","href":"https:\/\/api.w.org\/{rel}","templated":true}]}}